{"id":115814,"date":"2025-12-24T15:17:12","date_gmt":"2025-12-24T15:17:12","guid":{"rendered":"https:\/\/www.europesays.com\/se\/115814\/"},"modified":"2025-12-24T15:17:12","modified_gmt":"2025-12-24T15:17:12","slug":"vad-hande-sen-sa-gick-det-till-nar-tomten-lamnade-sin-verkstad","status":"publish","type":"post","link":"https:\/\/www.europesays.com\/se\/115814\/","title":{"rendered":"Vad h\u00e4nde sen? S\u00e5 gick det till n\u00e4r tomten l\u00e4mnade sin verkstad"},"content":{"rendered":"<p>\u201dTomtens verkstad\u201d \u00e4r ett av de mest popul\u00e4ra inslagen i SVTs klassiska jultradition, \u201dKalle Anka och hans v\u00e4nner \u00f6nskar God Jul\u201d. Men visste du att det finns en forts\u00e4ttning p\u00e5 historien?<\/p>\n<p>Redan 1933, \u00e5ret efter \u201dTomtens verkstad\u201d hade premi\u00e4r i USA, kom \u201dDa\u2019n f\u00f6re da\u2019n\u201d. Eller \u201dThe Night Before Christmas\u201d, som den heter i original.<\/p>\n<p>L\u00e4s ocks\u00e5: <a href=\"https:\/\/www.moviezine.se\/nyheter\/minns-du-de-forlorade-filmerna-i-kalle-ankas-jul\" title=\"8 filmer har f\u00f6rsvunnit ur \u201dKalle Ankas jul\u201d med \u00e5ren \u2013 minns du vilka?\" class=\"underline-custom !font-montserrat !font-bold !underline-offset-4 !decoration-4 !decoration-moviezine-green !text-md\" rel=\"nofollow noopener\" target=\"_blank\">8 filmer har f\u00f6rsvunnit ur \u201dKalle Ankas jul\u201d med \u00e5ren \u2013 minns du vilka?<\/a><\/p>\n<p>Den tar helt enkelt vid d\u00e4r f\u00f6rsta kortfilmen slutade. Tomten, som har fyllt p\u00e5 sin stora s\u00e4ck, ska nu l\u00e4mna klapparna till barnen utan att de vaknar. Vilket inte \u00e4r helt enkelt n\u00e4r leksakerna f\u00e5r liv och b\u00f6rjar dansa runt.<\/p>\n<p>Det \u00e4r kanske inte konstigt att uppf\u00f6ljaren blivit bortgl\u00f6md, n\u00e4r \u201dTomtens verkstad\u201d varit en trogen del av svenskt julfirande i hela 65 \u00e5r, men nog \u00e4r det h\u00f6g tid att den f\u00e5r lite uppr\u00e4ttelse.<\/p>\n<p>Kolla in \u201dDa\u2019n f\u00f6re da\u2019n\u201d h\u00e4r:<\/p>\n<p><img loading=\"lazy\" decoding=\"async\" alt=\"YouTube video\" width=\"480\" height=\"360\" data-pin-nopin=\"true\" nopin=\"nopin\" class=\"perfmatters-lazy\" src=\"https:\/\/www.europesays.com\/se\/wp-content\/uploads\/2025\/12\/1766589432_240_hqdefault.jpg\"\/><\/p>\n<p>L\u00e4s ocks\u00e5: <a href=\"https:\/\/www.moviezine.se\/nyheter\/28-nya-filmer-och-serier-pa-disney-plus-i-januari-2026\" title=\"28 nya filmer och serier p\u00e5 v\u00e4g till Disney+ Sverige \u2013 januari 2026\" class=\"underline-custom !font-montserrat !font-bold !underline-offset-4 !decoration-4 !decoration-moviezine-green !text-md\" rel=\"nofollow noopener\" target=\"_blank\">28 nya filmer och serier p\u00e5 v\u00e4g till Disney+ Sverige \u2013 januari 2026<\/a><\/p>\n<p>L\u00e4s ocks\u00e5: <a href=\"https:\/\/www.moviezine.se\/nyheter\/5-helt-nya-julfilmer-att-streama-i-december-2025\" title=\"5 helt nya julfilmer att streama i december 2025\" class=\"underline-custom !font-montserrat !font-bold !underline-offset-4 !decoration-4 !decoration-moviezine-green !text-md\" rel=\"nofollow noopener\" target=\"_blank\">5 helt nya julfilmer att streama i december 2025<\/a><\/p>\n","protected":false},"excerpt":{"rendered":"\u201dTomtens verkstad\u201d \u00e4r ett av de mest popul\u00e4ra inslagen i SVTs klassiska jultradition, \u201dKalle Anka och hans v\u00e4nner&hellip;\n","protected":false},"author":2,"featured_media":115815,"comment_status":"","ping_status":"","sticky":false,"template":"","format":"standard","meta":{"footnotes":""},"categories":[67],"tags":[4865,104,34,31,33,32,30,105],"class_list":{"0":"post-115814","1":"post","2":"type-post","3":"status-publish","4":"format-standard","5":"has-post-thumbnail","7":"category-underhallning","8":"tag-disney","9":"tag-entertainment","10":"tag-se","11":"tag-svenska","12":"tag-sverige","13":"tag-sweden","14":"tag-swedish","15":"tag-underhallning"},"share_on_mastodon":{"url":"https:\/\/pubeurope.com\/@se\/115775212439769529","error":""},"_links":{"self":[{"href":"https:\/\/www.europesays.com\/se\/wp-json\/wp\/v2\/posts\/115814","targetHints":{"allow":["GET"]}}],"collection":[{"href":"https:\/\/www.europesays.com\/se\/wp-json\/wp\/v2\/posts"}],"about":[{"href":"https:\/\/www.europesays.com\/se\/wp-json\/wp\/v2\/types\/post"}],"author":[{"embeddable":true,"href":"https:\/\/www.europesays.com\/se\/wp-json\/wp\/v2\/users\/2"}],"replies":[{"embeddable":true,"href":"https:\/\/www.europesays.com\/se\/wp-json\/wp\/v2\/comments?post=115814"}],"version-history":[{"count":0,"href":"https:\/\/www.europesays.com\/se\/wp-json\/wp\/v2\/posts\/115814\/revisions"}],"wp:featuredmedia":[{"embeddable":true,"href":"https:\/\/www.europesays.com\/se\/wp-json\/wp\/v2\/media\/115815"}],"wp:attachment":[{"href":"https:\/\/www.europesays.com\/se\/wp-json\/wp\/v2\/media?parent=115814"}],"wp:term":[{"taxonomy":"category","embeddable":true,"href":"https:\/\/www.europesays.com\/se\/wp-json\/wp\/v2\/categories?post=115814"},{"taxonomy":"post_tag","embeddable":true,"href":"https:\/\/www.europesays.com\/se\/wp-json\/wp\/v2\/tags?post=115814"}],"curies":[{"name":"wp","href":"https:\/\/api.w.org\/{rel}","templated":true}]}}