{"id":115816,"date":"2025-12-24T15:20:11","date_gmt":"2025-12-24T15:20:11","guid":{"rendered":"https:\/\/www.europesays.com\/se\/115816\/"},"modified":"2025-12-24T15:20:11","modified_gmt":"2025-12-24T15:20:11","slug":"berusad-tomte-stoppade-tagtrafiken","status":"publish","type":"post","link":"https:\/\/www.europesays.com\/se\/115816\/","title":{"rendered":"Berusad tomte stoppade t\u00e5gtrafiken"},"content":{"rendered":"<p><img decoding=\"async\" class=\"image-asset hyperion-css-n6kkq1\" data-test-tag=\"image-asset\" src=\"https:\/\/www.europesays.com\/se\/wp-content\/uploads\/2025\/12\/1766589609_701_602ef119-32a3-4a6a-b86e-0ebfdb56a147\"  alt=\"\"  loading=\"lazy\" fetchpriority=\"auto\" style=\"aspect-ratio:1900 \/ 1900\"\/><img decoding=\"async\" class=\"image-asset hyperion-css-n6kkq1\" data-test-tag=\"image-asset\" src=\"https:\/\/www.europesays.com\/se\/wp-content\/uploads\/2025\/12\/1766589610_369_630b0789-508e-4426-ac0e-f0a3067c84f6\"  alt=\"\"  loading=\"lazy\" fetchpriority=\"auto\" style=\"aspect-ratio:1900 \/ 1900\"\/><\/p>\n<p class=\"boxtextgrotesk-root_baa6 hyperion-css-7pajle\">Uppdaterad 15.31 | Publicerad 15.21<\/p>\n<p>share-arrowDela<\/p>\n<p>unsaveSpara<\/p>\n<p>expand-left<\/p>\n<p>helsk\u00e4rm<img decoding=\"async\" class=\"image-asset hyperion-css-u06ts1\" data-test-tag=\"image-asset\" src=\"https:\/\/www.europesays.com\/se\/wp-content\/uploads\/2025\/12\/01c554e2-5f16-4435-9679-989436947711\"  alt=\"St\u00f6rningar i t\u00e5gtrafiken mellan Stockholm och Malm\u00f6. Genrebild. \"  loading=\"eager\" fetchpriority=\"high\" style=\"aspect-ratio:1900 \/ 1266\"\/>St\u00f6rningar i t\u00e5gtrafiken mellan Stockholm och Malm\u00f6. Genrebild. Foto: Anders Wiklund\/TT<\/p>\n<p class=\"hyperion-css-1shl3oz\" data-test-tag=\"lead-text\">T\u00e5gen mellan Stockholm och Malm\u00f6 \u00e4r f\u00f6rsenade.<\/p>\n<p class=\"hyperion-css-1shl3oz\" data-test-tag=\"lead-text\">Anledningen? En full jultomte drog i n\u00f6dbromsen.<\/p>\n<p class=\"hyperion-css-1shl3oz\" data-test-tag=\"lead-text\">\u2013 Det \u00e4r j\u00e4ttekonstigt det h\u00e4r, s\u00e4ger SJ:s presskommunikat\u00f6r Leila Fogelholm.<\/p>\n<p class=\"hyperion-css-1v9qo5x\">T\u00e5g mellan <a data-test-tag=\"internal-link\" href=\"https:\/\/www.aftonbladet.se\/lokala-nyheter\/stockholm\" class=\"hyperion-css-15jkft9\" rel=\"nofollow noopener\" target=\"\" aria-label=\"Stockholm\">Stockholm<\/a> och <a data-test-tag=\"internal-link\" href=\"https:\/\/www.aftonbladet.se\/malmo\" class=\"hyperion-css-15jkft9\" rel=\"nofollow noopener\" target=\"\" aria-label=\"Malm\u00f6\">Malm\u00f6<\/a> \u00e4r f\u00f6rsenade efter en udda julaftonsincident:<\/p>\n<p class=\"hyperion-css-1v9qo5x\">\u2013 Det \u00e4r en person utkl\u00e4dd till tomte som varit berusad och dragit i n\u00f6dbromsen. Sen hoppade han av och sprang iv\u00e4g, s\u00e4ger <a data-test-tag=\"internal-link\" href=\"https:\/\/www.aftonbladet.se\/tagg\/sj\" class=\"hyperion-css-15jkft9\" rel=\"nofollow noopener\" target=\"\" aria-label=\"SJ\">SJ<\/a>:s presskommunikat\u00f6r Leila Fogelholm.<\/p>\n<p class=\"hyperion-css-1v9qo5x\">H\u00e4ndelsen ska ha intr\u00e4ffat p\u00e5 ett tj\u00e4nstet\u00e5g.<\/p>\n<p class=\"hyperion-css-1v9qo5x\">\u2013 Det var inga resen\u00e4rer ombord. Det stora mysteriet \u00e4r vart tomten tagit v\u00e4gen. Det \u00e4r j\u00e4ttekonstigt det h\u00e4r.<\/p>\n<p class=\"hyperion-css-1v9qo5x\">Resen\u00e4ren Marko trodde inte sina \u00f6ron n\u00e4r beskedet ropades ut i h\u00f6gtalarna p\u00e5 hans f\u00f6rsenade t\u00e5g.<\/p>\n<p class=\"hyperion-css-1v9qo5x\">\u2013 Jag skrattade. Det var skitkul och det tyckte alla p\u00e5 t\u00e5get, \u00e4ven om man missade de kommande t\u00e5gen. Det var v\u00e4rt det.<\/p>\n<p class=\"hyperion-css-1v9qo5x\">SJ uppger att man haft f\u00f6rseningar p\u00e5 en halvtimme, men att trafiken nu rullar igen.<\/p>\n","protected":false},"excerpt":{"rendered":"Uppdaterad 15.31 | Publicerad 15.21 share-arrowDela unsaveSpara expand-left helsk\u00e4rmSt\u00f6rningar i t\u00e5gtrafiken mellan Stockholm och Malm\u00f6. Genrebild. Foto: Anders&hellip;\n","protected":false},"author":2,"featured_media":115817,"comment_status":"","ping_status":"","sticky":false,"template":"","format":"standard","meta":{"footnotes":""},"categories":[14],"tags":[22,23,26,27,17,21,24,25,28,29,15,16,18,34,31,33,32,30,19,20,51,52,53,54],"class_list":{"0":"post-115816","1":"post","2":"type-post","3":"status-publish","4":"format-standard","5":"has-post-thumbnail","7":"category-varlden","8":"tag-breaking-news","9":"tag-breakingnews","10":"tag-featured-news","11":"tag-featurednews","12":"tag-headlines","13":"tag-huvudnyheter","14":"tag-latest-news","15":"tag-latestnews","16":"tag-main-news","17":"tag-mainnews","18":"tag-news","19":"tag-nyheter","20":"tag-rubriker","21":"tag-se","22":"tag-svenska","23":"tag-sverige","24":"tag-sweden","25":"tag-swedish","26":"tag-top-stories","27":"tag-topstories","28":"tag-varlden","29":"tag-world","30":"tag-world-news","31":"tag-worldnews"},"share_on_mastodon":{"url":"https:\/\/pubeurope.com\/@se\/115775224421105147","error":""},"_links":{"self":[{"href":"https:\/\/www.europesays.com\/se\/wp-json\/wp\/v2\/posts\/115816","targetHints":{"allow":["GET"]}}],"collection":[{"href":"https:\/\/www.europesays.com\/se\/wp-json\/wp\/v2\/posts"}],"about":[{"href":"https:\/\/www.europesays.com\/se\/wp-json\/wp\/v2\/types\/post"}],"author":[{"embeddable":true,"href":"https:\/\/www.europesays.com\/se\/wp-json\/wp\/v2\/users\/2"}],"replies":[{"embeddable":true,"href":"https:\/\/www.europesays.com\/se\/wp-json\/wp\/v2\/comments?post=115816"}],"version-history":[{"count":0,"href":"https:\/\/www.europesays.com\/se\/wp-json\/wp\/v2\/posts\/115816\/revisions"}],"wp:featuredmedia":[{"embeddable":true,"href":"https:\/\/www.europesays.com\/se\/wp-json\/wp\/v2\/media\/115817"}],"wp:attachment":[{"href":"https:\/\/www.europesays.com\/se\/wp-json\/wp\/v2\/media?parent=115816"}],"wp:term":[{"taxonomy":"category","embeddable":true,"href":"https:\/\/www.europesays.com\/se\/wp-json\/wp\/v2\/categories?post=115816"},{"taxonomy":"post_tag","embeddable":true,"href":"https:\/\/www.europesays.com\/se\/wp-json\/wp\/v2\/tags?post=115816"}],"curies":[{"name":"wp","href":"https:\/\/api.w.org\/{rel}","templated":true}]}}