{"id":11582,"date":"2025-08-23T06:38:19","date_gmt":"2025-08-23T06:38:19","guid":{"rendered":"https:\/\/www.europesays.com\/se\/11582\/"},"modified":"2025-08-23T06:38:19","modified_gmt":"2025-08-23T06:38:19","slug":"ungern-rasar-mot-ukraina-efter-attack-mot-oljeledning","status":"publish","type":"post","link":"https:\/\/www.europesays.com\/se\/11582\/","title":{"rendered":"Ungern rasar mot Ukraina efter attack mot oljeledning"},"content":{"rendered":"<p>Ukraina har attackerat en ledning som levererar rysk olja till Ungern och Slovakien.<\/p>\n<p>Efter attacken rasar Ungern mot den ukrainska strategin \u2013 som drabbar landets energif\u00f6rs\u00f6rjning.<\/p>\n<p>\u2013 \u00c4nnu ett f\u00f6rs\u00f6k att dra in oss i kriget, s\u00e4ger Ungerns utrikesminister P\u00e9ter Szijj\u00e1rt\u00f3.<\/p>\n<p>Senaste klippen om kriget i Ukraina.<img   alt=\"\"\/><\/p>\n<p>Viktor Orb\u00e1n, Ungerns premi\u00e4rminister.<\/p>\n<p>Foto: NICOLAS MAETERLINCK \/ STELLA PICTURES\/ZUMA PRESS<\/p>\n<p>\u00d6ppna bild i helsk\u00e4rm<img loading=\"lazy\"   alt=\"\"\/><\/p>\n<p>P\u00e9ter Szijj\u00e1rt\u00f3, Ungerns utrikesminister.<\/p>\n<p>Foto: Facebook<\/p>\n<p>\u00d6ppna bild i helsk\u00e4rm<img loading=\"lazy\"   alt=\"\"\/><\/p>\n<p>Attacken genomf\u00f6rdes under natten mot fredagen.<\/p>\n<p>\u00d6ppna bild i helsk\u00e4rm<\/p>\n<p>Ukraina genomf\u00f6rde under natten mot fredagen ett anfall mot en viktig oljepumpstation p\u00e5 Druzhba-oljeledningen, som transporterar olja fr\u00e5n Ryssland till Europa, skriver <a href=\"https:\/\/www.theguardian.com\/world\/2025\/aug\/22\/ukraine-attacks-pipeline-that-sends-russian-oil-to-hungary-and-slovakia\" rel=\"nofollow noopener\" target=\"_blank\">The Guardian.<\/a><\/p>\n<p>Attacken mot pumpstationen ber\u00e4knas sl\u00e5 ut oljeleveransen till Ungern och Slovakien under minst fem dagar, enligt l\u00e4nderna.<\/p>\n<p>Oljeledningen \u00e4r den sista kanalen f\u00f6r rysk olja till EU, efter att \u00f6vriga 25 medlemsl\u00e4nder inf\u00f6rde ett importstopp av olja fr\u00e5n <a href=\"https:\/\/www.expressen.se\/tagg\/location\/ryssland\/\" class=\"\" rel=\"nofollow noopener\" target=\"_blank\">Ryssland<\/a> 2022.\u00a0<\/p>\n<p>\u201dDen fysiska och geografiska verkligheten \u00e4r att utan denna r\u00f6rledning \u00e4r en s\u00e4ker f\u00f6rs\u00f6rjning av v\u00e5ra l\u00e4nder helt enkelt inte m\u00f6jlig\u201d, skriver Ungerns och Slovakiens utrikesministrar i ett gemensamt brev till EU-kommissionen.<\/p>\n<p>Ungern ryter ifr\u00e5n mot Ukraina<\/p>\n<p>S\u00e4rskilt Ungern visar nu sin uppr\u00f6rdhet \u00f6ver Ukrainas anfall.<\/p>\n<p>\u201dDetta \u00e4r ytterligare en attack mot v\u00e5rt lands energis\u00e4kerhet. \u00c4nnu ett f\u00f6rs\u00f6k att dra in oss i krig\u201d, skriver utrikesminister P\u00e9ter Szijj\u00e1rt\u00f3 i ett inl\u00e4gg p\u00e5 Facebook.<\/p>\n<p>Ukraina har flera g\u00e5nger slagit till mot infrastruktur f\u00f6r rysk olja. I och med fredagens attack bryts oljeleveranserna till Slovakien och Ungern f\u00f6r andra g\u00e5ngen den h\u00e4r veckan.<\/p>\n<p>P\u00e5 fredagen riktar \u00e4ven Ungerns premi\u00e4rminister Viktor Orb\u00e1n h\u00e5rd kritik mot attackerna.<\/p>\n<p>\u201dUngern st\u00f6der Ukraina med elektricitet och bensin, i geng\u00e4ld bombar de r\u00f6rledningen som f\u00f6rser oss med elektricitet. Mycket ov\u00e4nligt drag\u201d, skriver Orb\u00e1n i ett Facebook-inl\u00e4gg.<\/p>\n<p>St\u00f6ttas av Trump<\/p>\n<p>Under texten finns ett handskrivet meddelande, som uppges vara fr\u00e5n USA:s president Donald Trump:<\/p>\n<p>\u201dViktor \u2013 jag gillar inte att h\u00f6ra detta \u2013 jag \u00e4r v\u00e4ldigt arg \u00f6ver det. Ber\u00e4tta f\u00f6r Slovakien\u201d, st\u00e5r det.<\/p>\n<p>EU har beslutat att helt fasa ut ryska energileveranser fram till 2027, men b\u00e5de Ungern och Slovakien mots\u00e4tter sig det. L\u00e4nderna menar att leveransen av rysk energi \u00e4r avg\u00f6rande f\u00f6r deras ekonomier.<\/p>\n<p>Ungerns energiminister: Angrepp p\u00e5 v\u00e5rt lands energis\u00e4kerhet.<\/p>\n","protected":false},"excerpt":{"rendered":"Ukraina har attackerat en ledning som levererar rysk olja till Ungern och Slovakien. Efter attacken rasar Ungern mot&hellip;\n","protected":false},"author":2,"featured_media":11583,"comment_status":"","ping_status":"","sticky":false,"template":"","format":"standard","meta":{"footnotes":""},"categories":[5],"tags":[22,23,26,27,17,21,24,25,274,1605,202,922,28,29,15,276,16,198,1339,18,34,55,31,33,32,30,19,60,20],"class_list":{"0":"post-11582","1":"post","2":"type-post","3":"status-publish","4":"format-standard","5":"has-post-thumbnail","7":"category-rubriker","8":"tag-breaking-news","9":"tag-breakingnews","10":"tag-featured-news","11":"tag-featurednews","12":"tag-headlines","13":"tag-huvudnyheter","14":"tag-latest-news","15":"tag-latestnews","16":"tag-location-ryssland","17":"tag-location-slovakien","18":"tag-location-ukraina","19":"tag-location-ungern","20":"tag-main-news","21":"tag-mainnews","22":"tag-news","23":"tag-newsstory-kriget-i-ukraina","24":"tag-nyheter","25":"tag-person-donald-trump","26":"tag-person-viktor-orban","27":"tag-rubriker","28":"tag-se","29":"tag-sections-varlden","30":"tag-svenska","31":"tag-sverige","32":"tag-sweden","33":"tag-swedish","34":"tag-top-stories","35":"tag-topic-krig-konflikt","36":"tag-topstories"},"share_on_mastodon":{"url":"","error":""},"_links":{"self":[{"href":"https:\/\/www.europesays.com\/se\/wp-json\/wp\/v2\/posts\/11582","targetHints":{"allow":["GET"]}}],"collection":[{"href":"https:\/\/www.europesays.com\/se\/wp-json\/wp\/v2\/posts"}],"about":[{"href":"https:\/\/www.europesays.com\/se\/wp-json\/wp\/v2\/types\/post"}],"author":[{"embeddable":true,"href":"https:\/\/www.europesays.com\/se\/wp-json\/wp\/v2\/users\/2"}],"replies":[{"embeddable":true,"href":"https:\/\/www.europesays.com\/se\/wp-json\/wp\/v2\/comments?post=11582"}],"version-history":[{"count":0,"href":"https:\/\/www.europesays.com\/se\/wp-json\/wp\/v2\/posts\/11582\/revisions"}],"wp:featuredmedia":[{"embeddable":true,"href":"https:\/\/www.europesays.com\/se\/wp-json\/wp\/v2\/media\/11583"}],"wp:attachment":[{"href":"https:\/\/www.europesays.com\/se\/wp-json\/wp\/v2\/media?parent=11582"}],"wp:term":[{"taxonomy":"category","embeddable":true,"href":"https:\/\/www.europesays.com\/se\/wp-json\/wp\/v2\/categories?post=11582"},{"taxonomy":"post_tag","embeddable":true,"href":"https:\/\/www.europesays.com\/se\/wp-json\/wp\/v2\/tags?post=11582"}],"curies":[{"name":"wp","href":"https:\/\/api.w.org\/{rel}","templated":true}]}}