{"id":115820,"date":"2025-12-24T15:22:11","date_gmt":"2025-12-24T15:22:11","guid":{"rendered":"https:\/\/www.europesays.com\/se\/115820\/"},"modified":"2025-12-24T15:22:11","modified_gmt":"2025-12-24T15:22:11","slug":"farre-klamdagar-2026-men-det-finns-mojligheter","status":"publish","type":"post","link":"https:\/\/www.europesays.com\/se\/115820\/","title":{"rendered":"F\u00e4rre kl\u00e4mdagar 2026 \u2013\u00a0men det finns m\u00f6jligheter"},"content":{"rendered":"<p>Det blir fler arbetsdagar \u00e5r 2026 \u00e4n det superkorta 2025, d\u00e5 alla helgdagar hamnade p\u00e5 veckodagar. Det rapporterar TT, som \u00e4nd\u00e5 tipsar om ett par m\u00f6jligheter f\u00f6r dem som inte skiftarbetar. <\/p>\n<p>Med bara en semesterdag m\u00e5ndagen den 5 januari f\u00f6re den lediga trettondedagen g\u00e5r det att f\u00e5 till en fyradagarshelg. <\/p>\n<p>M\u00f6jligen sent p\u00e5t\u00e4nkt, men \u00e4ven n\u00e4sta jul landar fem av de lediga helgdagarna p\u00e5 vardagar. Det inneb\u00e4r att den som tar ut sex ledighetsdagar kan vara ledig fr\u00e5n den 19 december till den 3 januari. <\/p>\n<p>Omni \u00e4r politiskt obundna och oberoende. Vi str\u00e4var efter att ge fler perspektiv p\u00e5 nyheterna. Har du fr\u00e5gor eller synpunkter kring v\u00e5r rapportering? <a href=\"https:\/\/omni.se\/farre-klamdagar-2026-men-det-finns-mojligheter\/a\/mailto:redaktion@omni.se\" class=\"ArticleActions_contactLink__W2F1M\" rel=\"nofollow noopener\" target=\"_blank\">Kontakta redaktionen<\/a><\/p>\n","protected":false},"excerpt":{"rendered":"Det blir fler arbetsdagar \u00e5r 2026 \u00e4n det superkorta 2025, d\u00e5 alla helgdagar hamnade p\u00e5 veckodagar. Det rapporterar&hellip;\n","protected":false},"author":2,"featured_media":115821,"comment_status":"","ping_status":"","sticky":false,"template":"","format":"standard","meta":{"footnotes":""},"categories":[5],"tags":[22,23,26,27,17,21,3136,24,25,28,29,15,16,18,34,31,33,32,30,19,20],"class_list":{"0":"post-115820","1":"post","2":"type-post","3":"status-publish","4":"format-standard","5":"has-post-thumbnail","7":"category-rubriker","8":"tag-breaking-news","9":"tag-breakingnews","10":"tag-featured-news","11":"tag-featurednews","12":"tag-headlines","13":"tag-huvudnyheter","14":"tag-jobb-karriar","15":"tag-latest-news","16":"tag-latestnews","17":"tag-main-news","18":"tag-mainnews","19":"tag-news","20":"tag-nyheter","21":"tag-rubriker","22":"tag-se","23":"tag-svenska","24":"tag-sverige","25":"tag-sweden","26":"tag-swedish","27":"tag-top-stories","28":"tag-topstories"},"share_on_mastodon":{"url":"https:\/\/pubeurope.com\/@se\/115775231942945923","error":""},"_links":{"self":[{"href":"https:\/\/www.europesays.com\/se\/wp-json\/wp\/v2\/posts\/115820","targetHints":{"allow":["GET"]}}],"collection":[{"href":"https:\/\/www.europesays.com\/se\/wp-json\/wp\/v2\/posts"}],"about":[{"href":"https:\/\/www.europesays.com\/se\/wp-json\/wp\/v2\/types\/post"}],"author":[{"embeddable":true,"href":"https:\/\/www.europesays.com\/se\/wp-json\/wp\/v2\/users\/2"}],"replies":[{"embeddable":true,"href":"https:\/\/www.europesays.com\/se\/wp-json\/wp\/v2\/comments?post=115820"}],"version-history":[{"count":0,"href":"https:\/\/www.europesays.com\/se\/wp-json\/wp\/v2\/posts\/115820\/revisions"}],"wp:featuredmedia":[{"embeddable":true,"href":"https:\/\/www.europesays.com\/se\/wp-json\/wp\/v2\/media\/115821"}],"wp:attachment":[{"href":"https:\/\/www.europesays.com\/se\/wp-json\/wp\/v2\/media?parent=115820"}],"wp:term":[{"taxonomy":"category","embeddable":true,"href":"https:\/\/www.europesays.com\/se\/wp-json\/wp\/v2\/categories?post=115820"},{"taxonomy":"post_tag","embeddable":true,"href":"https:\/\/www.europesays.com\/se\/wp-json\/wp\/v2\/tags?post=115820"}],"curies":[{"name":"wp","href":"https:\/\/api.w.org\/{rel}","templated":true}]}}