{"id":115822,"date":"2025-12-24T15:25:57","date_gmt":"2025-12-24T15:25:57","guid":{"rendered":"https:\/\/www.europesays.com\/se\/115822\/"},"modified":"2025-12-24T15:25:57","modified_gmt":"2025-12-24T15:25:57","slug":"bildspecial-prinsessan-estelle-och-prins-oscar-onskar-god-jul","status":"publish","type":"post","link":"https:\/\/www.europesays.com\/se\/115822\/","title":{"rendered":"Bildspecial: Prinsessan Estelle och Prins Oscar \u00f6nskar god jul"},"content":{"rendered":"<p><strong>Prinsessan Estelle<\/strong> och <strong>Prins Oscar<\/strong> har f\u00f6rberett julens r\u00e4tter. P\u00e5 menyn finns bland annat k\u00f6ttbullar, prinskorv, julgr\u00f6t och kn\u00e4ck.<\/p>\n<p><img loading=\"lazy\" decoding=\"async\" width=\"1024\" height=\"512\" src=\"https:\/\/www.europesays.com\/se\/wp-content\/uploads\/2025\/12\/Namnlos-design-2025-12-22T163431.215-1024x512.png\" alt=\"\" class=\"wp-image-1168247\"  \/>Prinsessan Estelle och Prins Oscar trillar k\u00f6ttbullar. Foto: Sara Friberg\/Kungl. Hovstaterna<img loading=\"lazy\" decoding=\"async\" width=\"1024\" height=\"512\" src=\"https:\/\/www.europesays.com\/se\/wp-content\/uploads\/2025\/12\/Namnlos-design-2025-12-22T163704.225-1024x512.png\" alt=\"\" class=\"wp-image-1168249\"  \/>Prins Oscar och hunden Rio. Foto: Sara Friberg\/Kungl. Hovstaterna<img loading=\"lazy\" decoding=\"async\" width=\"1024\" height=\"512\" src=\"https:\/\/www.europesays.com\/se\/wp-content\/uploads\/2025\/12\/Namnlos-design-2025-12-22T163949.520-1024x512.png\" alt=\"\" class=\"wp-image-1168251\"  \/>Prinsessan Estelle och Prins Oscar Foto: Sara Friberg\/Kungl. HovstaternaLjusst\u00f6pning<\/p>\n<p>F\u00f6rra julen ber\u00e4ttade Kronprinsessan att ljusst\u00f6pning varit en \u00e5terkommande tradition f\u00f6r kungafamiljen.<\/p>\n<p><img loading=\"lazy\" decoding=\"async\" width=\"1024\" height=\"512\" src=\"https:\/\/www.europesays.com\/se\/wp-content\/uploads\/2025\/12\/Namnlos-design-2025-12-22T164626.696-1024x512.png\" alt=\"\" class=\"wp-image-1168254\"  \/>Kronprinsessfamiljen \u00f6nskar god jul fr\u00e5n \u00c4lvrosg\u00e5rden p\u00e5 Skansen 2024. Foto: Sara Friberg\/Kungl. Hovstaterna<img loading=\"lazy\" decoding=\"async\" width=\"1024\" height=\"512\" src=\"https:\/\/www.europesays.com\/se\/wp-content\/uploads\/2025\/12\/Namnlos-design-2025-12-22T165035.804-1024x512.png\" alt=\"\" class=\"wp-image-1168258\"  \/>Kronprinsessan p\u00e5 Skansen 2024 och Kungen, Drottningen, Kronprinsessan och Prins Carl Philip st\u00f6per ljus p\u00e5 Skansen, julen 1980.                     Foto: Bernadottebibliotekets arkiv<\/p>\n","protected":false},"excerpt":{"rendered":"Prinsessan Estelle och Prins Oscar har f\u00f6rberett julens r\u00e4tter. P\u00e5 menyn finns bland annat k\u00f6ttbullar, prinskorv, julgr\u00f6t och&hellip;\n","protected":false},"author":2,"featured_media":115823,"comment_status":"","ping_status":"","sticky":false,"template":"","format":"standard","meta":{"footnotes":""},"categories":[67],"tags":[104,1943,12520,1910,12521,12522,34,31,33,32,30,105],"class_list":{"0":"post-115822","1":"post","2":"type-post","3":"status-publish","4":"format-standard","5":"has-post-thumbnail","7":"category-underhallning","8":"tag-entertainment","9":"tag-kronprinsessan-victoria","10":"tag-kungafamiljen","11":"tag-kungahuset","12":"tag-prins-oscar","13":"tag-prinsessan-estelle","14":"tag-se","15":"tag-svenska","16":"tag-sverige","17":"tag-sweden","18":"tag-swedish","19":"tag-underhallning"},"share_on_mastodon":{"url":"https:\/\/pubeurope.com\/@se\/115775248078881340","error":""},"_links":{"self":[{"href":"https:\/\/www.europesays.com\/se\/wp-json\/wp\/v2\/posts\/115822","targetHints":{"allow":["GET"]}}],"collection":[{"href":"https:\/\/www.europesays.com\/se\/wp-json\/wp\/v2\/posts"}],"about":[{"href":"https:\/\/www.europesays.com\/se\/wp-json\/wp\/v2\/types\/post"}],"author":[{"embeddable":true,"href":"https:\/\/www.europesays.com\/se\/wp-json\/wp\/v2\/users\/2"}],"replies":[{"embeddable":true,"href":"https:\/\/www.europesays.com\/se\/wp-json\/wp\/v2\/comments?post=115822"}],"version-history":[{"count":0,"href":"https:\/\/www.europesays.com\/se\/wp-json\/wp\/v2\/posts\/115822\/revisions"}],"wp:featuredmedia":[{"embeddable":true,"href":"https:\/\/www.europesays.com\/se\/wp-json\/wp\/v2\/media\/115823"}],"wp:attachment":[{"href":"https:\/\/www.europesays.com\/se\/wp-json\/wp\/v2\/media?parent=115822"}],"wp:term":[{"taxonomy":"category","embeddable":true,"href":"https:\/\/www.europesays.com\/se\/wp-json\/wp\/v2\/categories?post=115822"},{"taxonomy":"post_tag","embeddable":true,"href":"https:\/\/www.europesays.com\/se\/wp-json\/wp\/v2\/tags?post=115822"}],"curies":[{"name":"wp","href":"https:\/\/api.w.org\/{rel}","templated":true}]}}