{"id":115828,"date":"2025-12-24T15:32:10","date_gmt":"2025-12-24T15:32:10","guid":{"rendered":"https:\/\/www.europesays.com\/se\/115828\/"},"modified":"2025-12-24T15:32:10","modified_gmt":"2025-12-24T15:32:10","slug":"putins-varning-for-17-ar-sen-langvarig-konflikt","status":"publish","type":"post","link":"https:\/\/www.europesays.com\/se\/115828\/","title":{"rendered":"Putins varning \u2013 f\u00f6r 17 \u00e5r sen: \u201dL\u00e5ngvarig konflikt\u201d"},"content":{"rendered":"<p>Publicerad 24 dec 2025 kl 12.51Uppdaterad kl 14.15<\/p>\n<p>Putin varnade USA f\u00f6r en v\u00e4pnad konflikt med Ukraina redan 2008.<\/p>\n<p>Det visar flera sl\u00e4ppta dokument fr\u00e5n ett m\u00f6te med George W. Bush i ryska Sotji.<\/p>\n<p>\u2013 Jag vill betona att ett Natomedlemskap f\u00f6r ett land som Ukraina kommer att skapa en l\u00e5ngvarig konfrontation, sa Putin.<\/p>\n<p><img   alt=\"\"\/><\/p>\n<p>Putin varnade USA f\u00f6r en v\u00e4pnad konflikt med Ukraina redan 2008.<\/p>\n<p>Foto: UKRINFORM\/SHUTTERSTOCK \/ SHUTTERSTOCK EDITORIAL\/IBL<\/p>\n<p>\u00d6ppna bild i helsk\u00e4rm<img loading=\"lazy\"   alt=\"\"\/><\/p>\n<p>De tv\u00e5 presidenterna under ett m\u00f6te i Sotji 2008.<\/p>\n<p>Foto: VLADIMIR RODIONOV \/ TT NYHETSBYR\u00c5N<\/p>\n<p>\u00d6ppna bild i helsk\u00e4rm<\/p>\n<p>Ukraina i Nato \u00e4r en n\u00e4stan 20 \u00e5r gammal fr\u00e5ga.<\/p>\n<p>I april 2008 reste USA:s d\u00e5varande president George W. Bush till Kiev och uttryckte sitt st\u00f6d f\u00f6r landets ans\u00f6kan om Nato-medlemskap.<\/p>\n<p>\u2013 Det \u00e4r i alla alliansens medlemmars b\u00e4sta intresse, sa Bush d\u00e5 enligt <a href=\"https:\/\/www.theguardian.com\/world\/2008\/apr\/02\/nato.georgia\" rel=\"nofollow noopener\" target=\"_blank\">The Guardian.<\/a><\/p>\n<p>Ett par dagar senare reste han till den ryska semesterorten Sotji f\u00f6r ett m\u00f6te med landets president Vladimir Putin \u2013 som inte gillade Bushs uttalande.<\/p>\n<p>\u2013 Det skapar ett hot om att milit\u00e4ra baser och nya milit\u00e4ra system placeras i Rysslands omedelbara n\u00e4rhet, sa Putin p\u00e5 m\u00f6tet.<\/p>\n<p>\u201dKommer att skapa en l\u00e5ngvarig konfrontation\u201d<\/p>\n<p>En <a href=\"https:\/\/nsarchive.gwu.edu\/document\/33711-document-3-memorandum-conversation-subject-meeting-president-russia\" rel=\"nofollow noopener\" target=\"_blank\">transkribering<\/a> fr\u00e5n m\u00f6tet har publicerats av det oberoende forskningsinstitutet <a href=\"https:\/\/nsarchive.gwu.edu\/document\/33711-document-3-memorandum-conversation-subject-meeting-president-russia\" rel=\"nofollow noopener\" target=\"_blank\">The National Security Archive<\/a>, som arbetar med att analysera tidigare hemligst\u00e4mplade dokument. Institutionen har beg\u00e4rt ordagranna utskrifter av Putins m\u00f6ten och telefonsamtal med Bush mellan 2001 och 2008.<\/p>\n<p>Putin inledde m\u00f6tet med att uttrycka sin oro \u00f6ver Bushs ord i Kiev.<\/p>\n<p>\u2013 Jag vill betona att ett Natomedlemskap f\u00f6r ett land som Ukraina kommer att skapa en l\u00e5ngvarig konfrontation, sa Putin.<\/p>\n<p>\u2013 Varf\u00f6r?, svarade Bush.<\/p>\n<p>D\u00e5 ger Putin en l\u00e5ng historielektion f\u00f6r Bush om Ukraina, om hur landet bildades och om landets demografi.<\/p>\n<p>\u2013 Ukraina \u00e4r en mycket komplex stat. Det \u00e4r ett artificiellt land som skapades under sovjettiden, sa Putin.<\/p>\n<p>Han menade ocks\u00e5 att det inte alls fanns ett st\u00f6d f\u00f6r ett Natointr\u00e4de bland befolkningen.<\/p>\n<p>\u201dEn fientlig allians\u201d<\/p>\n<p>Putins id\u00e9 var snarare att v\u00e4nta till en majoritet av Ukrainas befolkning var f\u00f6r Nato, eftersom m\u00e5nga s\u00e5g Nato som \u201den fientlig allians\u201d.<\/p>\n<p>Bush svarar inte direkt p\u00e5 Putins utl\u00e4ggning, utan g\u00e5r sedan vidare till andra m\u00f6tespunkter.<\/p>\n<p>Kriget i Ukraina har p\u00e5g\u00e5tt i snart fyra \u00e5r. USA:s nuvarande president <a href=\"https:\/\/www.expressen.se\/tagg\/person\/donald-trump\/\" class=\"\" rel=\"nofollow noopener\" target=\"_blank\">Donald Trump<\/a> har flera g\u00e5nger skrutit om sin goda relation med Putin \u2013 men samtidigt sagt att Ukraina \u201dkan gl\u00f6mma Natomedlemskap\u201d.<\/p>\n<p>\u2013 Det var f\u00f6rmodligen det som startade allt det h\u00e4r, har Trump sagt.<\/p>\n<p>Samtidigt har presidenten flera g\u00e5nger anklagat Ukraina f\u00f6r att ha startat kriget, bland annat under <a href=\"https:\/\/www.expressen.se\/nyheter\/varlden\/trump-till-zelenskyj-du-gamblar-med-ett-tredje-varldskrig\/\" rel=\"nofollow noopener\" target=\"_blank\">kaosm\u00f6tet<\/a> i Vita huset i februari i \u00e5r.<\/p>\n<p><strong>L\u00c4S MER: <\/strong><a href=\"https:\/\/www.expressen.se\/nyheter\/varlden\/zelenskyjs-krigsplan-frys-fronten\/\" class=\"\" rel=\"nofollow noopener\" target=\"_blank\">Zelenskyjs krigsplan: Frys fronten<\/a><strong>L\u00c4S MER: <\/strong><a href=\"https:\/\/www.expressen.se\/nyheter\/varlden\/witkoff-smickrar-putin-magnifik\/\" class=\"\" rel=\"nofollow noopener\" target=\"_blank\">Witkoff smickrar Putin: \u201dMagnifik\u201d<\/a><strong>L\u00c4S MER: <\/strong><a href=\"https:\/\/www.expressen.se\/nyheter\/varlden\/putins-attack-pa-europa-sma-grisar\/\" class=\"\" rel=\"nofollow noopener\" target=\"_blank\">Putins attack p\u00e5 Europa: \u201dSm\u00e5 grisar\u201d<\/a><\/p>\n","protected":false},"excerpt":{"rendered":"Publicerad 24 dec 2025 kl 12.51Uppdaterad kl 14.15 Putin varnade USA f\u00f6r en v\u00e4pnad konflikt med Ukraina redan&hellip;\n","protected":false},"author":2,"featured_media":115829,"comment_status":"","ping_status":"","sticky":false,"template":"","format":"standard","meta":{"footnotes":""},"categories":[5],"tags":[50,22,23,26,27,17,21,24,25,274,202,45,1340,28,29,15,16,1401,198,6002,18,34,55,31,33,32,30,19,60,49,20],"class_list":{"0":"post-115828","1":"post","2":"type-post","3":"status-publish","4":"format-standard","5":"has-post-thumbnail","7":"category-rubriker","8":"tag-arme-forsvar","9":"tag-breaking-news","10":"tag-breakingnews","11":"tag-featured-news","12":"tag-featurednews","13":"tag-headlines","14":"tag-huvudnyheter","15":"tag-latest-news","16":"tag-latestnews","17":"tag-location-ryssland","18":"tag-location-ukraina","19":"tag-location-usa","20":"tag-location-vita-huset","21":"tag-main-news","22":"tag-mainnews","23":"tag-news","24":"tag-nyheter","25":"tag-organization-nato","26":"tag-person-donald-trump","27":"tag-person-george-w-bush","28":"tag-rubriker","29":"tag-se","30":"tag-sections-varlden","31":"tag-svenska","32":"tag-sverige","33":"tag-sweden","34":"tag-swedish","35":"tag-top-stories","36":"tag-topic-krig-konflikt","37":"tag-topic-militar","38":"tag-topstories"},"share_on_mastodon":{"url":"https:\/\/pubeurope.com\/@se\/115775271272645395","error":""},"_links":{"self":[{"href":"https:\/\/www.europesays.com\/se\/wp-json\/wp\/v2\/posts\/115828","targetHints":{"allow":["GET"]}}],"collection":[{"href":"https:\/\/www.europesays.com\/se\/wp-json\/wp\/v2\/posts"}],"about":[{"href":"https:\/\/www.europesays.com\/se\/wp-json\/wp\/v2\/types\/post"}],"author":[{"embeddable":true,"href":"https:\/\/www.europesays.com\/se\/wp-json\/wp\/v2\/users\/2"}],"replies":[{"embeddable":true,"href":"https:\/\/www.europesays.com\/se\/wp-json\/wp\/v2\/comments?post=115828"}],"version-history":[{"count":0,"href":"https:\/\/www.europesays.com\/se\/wp-json\/wp\/v2\/posts\/115828\/revisions"}],"wp:featuredmedia":[{"embeddable":true,"href":"https:\/\/www.europesays.com\/se\/wp-json\/wp\/v2\/media\/115829"}],"wp:attachment":[{"href":"https:\/\/www.europesays.com\/se\/wp-json\/wp\/v2\/media?parent=115828"}],"wp:term":[{"taxonomy":"category","embeddable":true,"href":"https:\/\/www.europesays.com\/se\/wp-json\/wp\/v2\/categories?post=115828"},{"taxonomy":"post_tag","embeddable":true,"href":"https:\/\/www.europesays.com\/se\/wp-json\/wp\/v2\/tags?post=115828"}],"curies":[{"name":"wp","href":"https:\/\/api.w.org\/{rel}","templated":true}]}}