{"id":115830,"date":"2025-12-24T15:34:07","date_gmt":"2025-12-24T15:34:07","guid":{"rendered":"https:\/\/www.europesays.com\/se\/115830\/"},"modified":"2025-12-24T15:34:07","modified_gmt":"2025-12-24T15:34:07","slug":"stina-nilssons-julchock-nar-hon-ser-innehallet","status":"publish","type":"post","link":"https:\/\/www.europesays.com\/se\/115830\/","title":{"rendered":"Stina Nilssons julchock \u2013 n\u00e4r hon ser inneh\u00e5llet"},"content":{"rendered":"<p>Publicerad 24 dec 2025 kl 16.03Uppdaterad kl 16.20<\/p>\n<p>Stina Nilsson fick sig en tr\u00e5kig \u00f6verraskning mitt i julfirandet.\u00a0<\/p>\n<p>Skidstj\u00e4rnan kunde inte tro sina \u00f6gon.\u00a0<\/p>\n<p>\u201dChocken har inte lagt sig \u00e4n\u201d, skriver hon p\u00e5 Instagram.\u00a0<\/p>\n<p>Senaste sportklippen fr\u00e5n Expressen.<img   alt=\"\"\/><\/p>\n<p>Stina Nilsson.<\/p>\n<p>Foto: Johan Axelsson\/TT \/ TT NYHETSBYR\u00c5N<\/p>\n<p>\u00d6ppna bild i helsk\u00e4rm<\/p>\n<p>Det var p\u00e5 sj\u00e4lvaste dan f\u00f6re dan som <a href=\"https:\/\/www.expressen.se\/tagg\/person\/stina-nilsson\/\" class=\"\" rel=\"nofollow noopener\" target=\"_blank\">Stina Nilsson<\/a> gjorde den tr\u00e5kiga uppt\u00e4ckten. Mitt i julfirandet ins\u00e5g hon att en svensk klassiker f\u00f6r\u00e4ndrats.\u00a0<\/p>\n<p>P\u00e5 Instagram har hon delat en bild fr\u00e5n n\u00e4r hon ins\u00e5g att Paradisasken har krympt.\u00a0<\/p>\n<p>\u201dChocken \u00f6ver att uppt\u00e4cka att Paradisasken inneh\u00e5ller fyra praliner mindre i \u00e5r\u201d, skriver hon samtidigt som en minst sagt \u00f6verraskad person syns st\u00e5 och stirra ner i asken.\u00a0<\/p>\n<p><img loading=\"lazy\"   alt=\"\"\/><\/p>\n<p>Stina Nilssons uppt\u00e4ckt i Paradisasken.<\/p>\n<p>Foto: Instagram.<\/p>\n<p>\u00d6ppna bild i helsk\u00e4rm<img loading=\"lazy\"   alt=\"\"\/>\u00d6ppna bild i helsk\u00e4rm<\/p>\n<p>Sedan delar hon en bild d\u00e4r hon ringat in de st\u00e4llen d\u00e4r det tidigare \u00e5r har legat fyra chokladbitar \u2013 men som i \u00e5r bara \u00e4r plats.\u00a0<\/p>\n<p>\u201dChocken har inte lagt sig\u201d, skriver Nilsson.\u00a0<\/p>\n<p>Svaret fr\u00e5n tillverkaren<\/p>\n<p>I h\u00f6stas presenterade Marabou sina f\u00f6r\u00e4ndringar i de klassiska askarna Aladdin och Paradis. D\u00e5 ber\u00e4ttade chokladj\u00e4tten att tv\u00e5 nya praliner inf\u00f6rs. Det handlar om dr\u00f6mkrisp och vaniljfudge. D\u00e4rmed fick pralinerna jordgubbskrips och apelsinkanel maka p\u00e5 sig i asken.\u00a0<\/p>\n<p>Den stora nyheten var dock att asken skulle krympa fr\u00e5n 500 gram till 410 gram, vilket gjorde att \u00e4ven h\u00f6stnougat och romrussin ocks\u00e5 f\u00f6rsvann.\u00a0<\/p>\n<p>F\u00f6rklaringen \u00e4r helt enkelt med kostnader att g\u00f6ra.\u00a0<\/p>\n<p>\u2013 Vi ser att kakaopriserna \u00e4r volatila och r\u00f6r sig upp och ibland ner, men att de fortsatt ligger p\u00e5 historiskt h\u00f6ga niv\u00e5er, sade Julia Lindberg, vd f\u00f6r Mondelez i Sverige till <a href=\"https:\/\/alltommat.expressen.se\/artiklar\/har-ar-arets-nyheter-i-aladdin-asken-och-pralinerna-som-forsvinner\/\" rel=\"nofollow noopener\" target=\"_blank\">Allt om mat.<\/a><\/p>\n<p>\u00c5rets f\u00f6randringar i Aladdinasken<\/p>\n<p>\u2022 De nya smakerna \u00e4r dr\u00f6mkrisp och vaniljfudge.<\/p>\n<p>\u2022 Smakerna som utg\u00e5r \u00e4r jordgubbskrisp och apelsinkanel. Ytterligare tv\u00e5 smaker, klassiska h\u00f6stnougat och romrussin, f\u00f6rsvinner till f\u00f6ljd av storleksjusteringen.<\/p>\n<p>\u2022 Askarna blir betydligt mindre, vikten \u00e4ndras fr\u00e5n 500 gram till 410 gram.<\/p>\n<p>\u2022 Tidigare inneh\u00f6ll askarna 50 praliner (25 per lager), men kommer efter storleksjusteringen att inneh\u00e5lla 42 praliner (21 per lager).<\/p>\n<p>Visa mer<\/p>\n","protected":false},"excerpt":{"rendered":"Publicerad 24 dec 2025 kl 16.03Uppdaterad kl 16.20 Stina Nilsson fick sig en tr\u00e5kig \u00f6verraskning mitt i julfirandet.\u00a0&hellip;\n","protected":false},"author":2,"featured_media":115831,"comment_status":"","ping_status":"","sticky":false,"template":"","format":"standard","meta":{"footnotes":""},"categories":[68],"tags":[1038,34,857,111,110,31,33,32,30],"class_list":{"0":"post-115830","1":"post","2":"type-post","3":"status-publish","4":"format-standard","5":"has-post-thumbnail","7":"category-sport","8":"tag-person-stina-nilsson","9":"tag-se","10":"tag-sections-langdskidor","11":"tag-sport","12":"tag-sports","13":"tag-svenska","14":"tag-sverige","15":"tag-sweden","16":"tag-swedish"},"share_on_mastodon":{"url":"https:\/\/pubeurope.com\/@se\/115775279273267762","error":""},"_links":{"self":[{"href":"https:\/\/www.europesays.com\/se\/wp-json\/wp\/v2\/posts\/115830","targetHints":{"allow":["GET"]}}],"collection":[{"href":"https:\/\/www.europesays.com\/se\/wp-json\/wp\/v2\/posts"}],"about":[{"href":"https:\/\/www.europesays.com\/se\/wp-json\/wp\/v2\/types\/post"}],"author":[{"embeddable":true,"href":"https:\/\/www.europesays.com\/se\/wp-json\/wp\/v2\/users\/2"}],"replies":[{"embeddable":true,"href":"https:\/\/www.europesays.com\/se\/wp-json\/wp\/v2\/comments?post=115830"}],"version-history":[{"count":0,"href":"https:\/\/www.europesays.com\/se\/wp-json\/wp\/v2\/posts\/115830\/revisions"}],"wp:featuredmedia":[{"embeddable":true,"href":"https:\/\/www.europesays.com\/se\/wp-json\/wp\/v2\/media\/115831"}],"wp:attachment":[{"href":"https:\/\/www.europesays.com\/se\/wp-json\/wp\/v2\/media?parent=115830"}],"wp:term":[{"taxonomy":"category","embeddable":true,"href":"https:\/\/www.europesays.com\/se\/wp-json\/wp\/v2\/categories?post=115830"},{"taxonomy":"post_tag","embeddable":true,"href":"https:\/\/www.europesays.com\/se\/wp-json\/wp\/v2\/tags?post=115830"}],"curies":[{"name":"wp","href":"https:\/\/api.w.org\/{rel}","templated":true}]}}