{"id":115832,"date":"2025-12-24T15:35:12","date_gmt":"2025-12-24T15:35:12","guid":{"rendered":"https:\/\/www.europesays.com\/se\/115832\/"},"modified":"2025-12-24T15:35:12","modified_gmt":"2025-12-24T15:35:12","slug":"siw-malmkvist-tande-ljuset-i-svt-och-blaste-ut-det","status":"publish","type":"post","link":"https:\/\/www.europesays.com\/se\/115832\/","title":{"rendered":"Siw Malmkvist t\u00e4nde ljuset i SVT \u2013 och bl\u00e5ste ut det"},"content":{"rendered":"<p>Artisten och s\u00e5ngerskan Siw Malmkvist t\u00e4nde ljuset i SVT klockan 15.00 \u2013 tv\u00e5 g\u00e5nger. Hon gjorde n\u00e4mligen en klassisk miss och bl\u00e5ste ut ljuset samtidigt som hon skulle bl\u00e5sa ut t\u00e4ndstickan. <\/p>\n<p>Under julaftonskv\u00e4llen \u00e4r det Siw Malmkvist som h\u00e5ller julfirarna s\u00e4llskap i tv-soffan. F\u00f6lj kv\u00e4llens julfirande i l\u00e4nken nedan. <\/p>\n<p>Omni \u00e4r politiskt obundna och oberoende. Vi str\u00e4var efter att ge fler perspektiv p\u00e5 nyheterna. Har du fr\u00e5gor eller synpunkter kring v\u00e5r rapportering? <a href=\"https:\/\/omni.se\/siw-malmkvist-tande-ljuset-i-svt-och-blaste-ut-det\/a\/mailto:redaktion@omni.se\" class=\"ArticleActions_contactLink__W2F1M\" rel=\"nofollow noopener\" target=\"_blank\">Kontakta redaktionen<\/a><\/p>\n","protected":false},"excerpt":{"rendered":"Artisten och s\u00e5ngerskan Siw Malmkvist t\u00e4nde ljuset i SVT klockan 15.00 \u2013 tv\u00e5 g\u00e5nger. Hon gjorde n\u00e4mligen en&hellip;\n","protected":false},"author":2,"featured_media":115833,"comment_status":"","ping_status":"","sticky":false,"template":"","format":"standard","meta":{"footnotes":""},"categories":[67],"tags":[104,168,4426,172,34,2773,31,33,586,32,30,105],"class_list":{"0":"post-115832","1":"post","2":"type-post","3":"status-publish","4":"format-standard","5":"has-post-thumbnail","7":"category-underhallning","8":"tag-entertainment","9":"tag-film-tv","10":"tag-jul","11":"tag-musik","12":"tag-se","13":"tag-siw-malmkvist","14":"tag-svenska","15":"tag-sverige","16":"tag-svt","17":"tag-sweden","18":"tag-swedish","19":"tag-underhallning"},"share_on_mastodon":{"url":"https:\/\/pubeurope.com\/@se\/115775283068360670","error":""},"_links":{"self":[{"href":"https:\/\/www.europesays.com\/se\/wp-json\/wp\/v2\/posts\/115832","targetHints":{"allow":["GET"]}}],"collection":[{"href":"https:\/\/www.europesays.com\/se\/wp-json\/wp\/v2\/posts"}],"about":[{"href":"https:\/\/www.europesays.com\/se\/wp-json\/wp\/v2\/types\/post"}],"author":[{"embeddable":true,"href":"https:\/\/www.europesays.com\/se\/wp-json\/wp\/v2\/users\/2"}],"replies":[{"embeddable":true,"href":"https:\/\/www.europesays.com\/se\/wp-json\/wp\/v2\/comments?post=115832"}],"version-history":[{"count":0,"href":"https:\/\/www.europesays.com\/se\/wp-json\/wp\/v2\/posts\/115832\/revisions"}],"wp:featuredmedia":[{"embeddable":true,"href":"https:\/\/www.europesays.com\/se\/wp-json\/wp\/v2\/media\/115833"}],"wp:attachment":[{"href":"https:\/\/www.europesays.com\/se\/wp-json\/wp\/v2\/media?parent=115832"}],"wp:term":[{"taxonomy":"category","embeddable":true,"href":"https:\/\/www.europesays.com\/se\/wp-json\/wp\/v2\/categories?post=115832"},{"taxonomy":"post_tag","embeddable":true,"href":"https:\/\/www.europesays.com\/se\/wp-json\/wp\/v2\/tags?post=115832"}],"curies":[{"name":"wp","href":"https:\/\/api.w.org\/{rel}","templated":true}]}}