{"id":115836,"date":"2025-12-24T15:38:51","date_gmt":"2025-12-24T15:38:51","guid":{"rendered":"https:\/\/www.europesays.com\/se\/115836\/"},"modified":"2025-12-24T15:38:51","modified_gmt":"2025-12-24T15:38:51","slug":"ingen-svalt-men-fortfarande-hunger-och-undernaring-i-gaza","status":"publish","type":"post","link":"https:\/\/www.europesays.com\/se\/115836\/","title":{"rendered":"Ingen sv\u00e4lt \u2013\u00a0men fortfarande hunger och undern\u00e4ring i Gaza"},"content":{"rendered":"<p>\n                    F\u00f6r en stor del av Gazas befolkning \u00e4r hunger och os\u00e4ker tillg\u00e5ng till mat fortfarande vardag. Bild fr\u00e5n Nuseirat i centrala Gaza i f\u00f6rra veckan. Foto: Abdel Kareem Hana\/AP\/TT\n            <\/p>\n<p class=\"article__sublead\">M\u00e4nniskors tillg\u00e5ng till mat i Gaza har f\u00f6rb\u00e4ttrats n\u00e5got sedan vapenvilan den 10 oktober, visar den senaste rapporten fr\u00e5n expertorganet IPC. Men fortfarande r\u00e5der ett n\u00f6dl\u00e4ge \u00f6ver n\u00e4stan hela omr\u00e5det med mer \u00e4n tre fj\u00e4rdedelar av befolkningen utsatta f\u00f6r hunger och undern\u00e4ring.\u00a0<\/p>\n<p class=\"article__paragraph\">Enligt det FN-st\u00f6dda expertorganet IPC s\u00e5 klassas inget omr\u00e5de i Gaza l\u00e4ngre som att det befinner sig i sv\u00e4lt, den h\u00f6gsta niv\u00e5n p\u00e5 den femgradiga skalan som IPC anv\u00e4nder. D\u00e4remot \u00e4r n\u00e4stan hela landet kvar p\u00e5 niv\u00e5 4: n\u00f6dl\u00e4ge, vilket inneb\u00e4r att hundratusentals m\u00e4nniskor fortfarande upplever mycket h\u00f6g och akut undern\u00e4ring.<\/p>\n<p class=\"article__paragraph\">Mellan mitten av oktober och slutet av november s\u00e5 upplevde cirka 1,6 miljoner m\u00e4nniskor \u2013 ungef\u00e4r 77 procent av den analyserade befolkningen \u2013 en hunger p\u00e5 krisniv\u00e5 (fas 3) eller v\u00e4rre. Bland dem befann sig mer \u00e4n 500 000 m\u00e4nniskor i n\u00f6dsituation (fas 4) och \u00f6ver 100 000 m\u00e4nniskor i katastrof (fas 5), enligt <a href=\"https:\/\/www.ipcinfo.org\/ipcinfo-website\/countries-in-focus-archive\/issue-142\/en\/\" data-type=\"link\" data-id=\"https:\/\/www.ipcinfo.org\/ipcinfo-website\/countries-in-focus-archive\/issue-142\/en\/\" target=\"_blank\" rel=\"noopener nofollow\">rapporten<\/a>.<\/p>\n<p class=\"article__paragraph\">FN:s generalsekreterare Antonio Guterres kallade det f\u00f6r en sk\u00f6r framg\u00e5ng.\u00a0<\/p>\n<p class=\"article__paragraph\">\u2013\u00a0Hungersn\u00f6den har tr\u00e4ngts tillbaka. M\u00e5nga fler m\u00e4nniskor har tillg\u00e5ng till den mat de beh\u00f6ver f\u00f6r att \u00f6verleva, s\u00e4ger han enligt <a href=\"https:\/\/news.un.org\/en\/story\/2025\/12\/1166638\" data-type=\"link\" data-id=\"https:\/\/news.un.org\/en\/story\/2025\/12\/1166638\" target=\"_blank\" rel=\"noopener nofollow\">UN news<\/a>.\u00a0<\/p>\n<p class=\"article__paragraph\">Men han tillade att mer \u00e4n 75 procent av befolkningen \u2013 \u201df\u00f6rv\u00e4ntas m\u00f6ta extrema niv\u00e5er av akut os\u00e4ker livsmedelsf\u00f6rs\u00f6rjning och kritiska risker f\u00f6r undern\u00e4ring\u201d under den n\u00e4rmsta tiden.\u00a0<\/p>\n<p>Ny sv\u00e4ltsituation i v\u00e4rsta scenariot<\/p>\n<p class=\"article__paragraph\">IPC:s prognoser f\u00f6r de n\u00e4rmaste m\u00e5naderna \u00e4r os\u00e4kra. Troligen kommer n\u00e4rmare 600 000 m\u00e4nniskor att fortfarande befinna sig i en n\u00f6dsituation (fas 4), medan cirka 1 900 m\u00e4nniskor f\u00f6rv\u00e4ntas forts\u00e4tta att m\u00f6ta hunger p\u00e5 katastrofniv\u00e5 (fas 5). I det v\u00e4rsta t\u00e4nkbara scenariot \u2013 om strider \u00e5terigen blossar upp eller om det sker ett stopp i de humanit\u00e4ra infl\u00f6dena \u2013 kan hela Gazaremsan \u00e5terigen drabbas av sv\u00e4lt.<\/p>\n<p class=\"article__paragraph\">Hj\u00e4lps\u00e4ndningarna till Gaza har \u00f6kat, men de klarar enligt rapporten bara av att t\u00e4cka de allra mest basala behoven. Sjukv\u00e5rd, vatten- och sanitetssystem och bost\u00e4der \u00e4r fortfarande sv\u00e5rt skadade, vilket g\u00f6r m\u00e5nga m\u00e4nniskor s\u00e5rbara \u2013 s\u00e4rskilt under vintern.<\/p>\n<p class=\"article__paragraph\">\u2013\u00a0Familjer uth\u00e4rdar det outh\u00e4rdliga, sa Guterres enligt UN News och beskrev barn som sover i \u00f6versv\u00e4mmade t\u00e4lt och byggnader som kollapsar under kraftigt regn och vind.<\/p>\n<p class=\"article__paragraph\">Det som nu beh\u00f6vs \u00e4r \u201den verkligt h\u00e5llbart vapenvila\u201d, tillade han, och uppmanade till att underl\u00e4tta f\u00f6r ett st\u00f6rre infl\u00f6de av viktiga f\u00f6rn\u00f6denheter till Gaza, liksom s\u00e4kra v\u00e4gar inom Gazaremsan.<\/p>\n<p>\u201dDjupa best\u00e5ende \u00e4rr\u201d<\/p>\n<p class=\"article__paragraph\">Flera FN-organ st\u00e4mmer in i beskrivningen av en sk\u00f6r situation.\u00a0Altaf Musani, WHO:s chef f\u00f6r humanit\u00e4r hantering och katastrofhantering, s\u00e4ger i ett <a href=\"https:\/\/www.who.int\/news\/item\/19-12-2025-un-agencies-welcome-news-that-famine-has-been-pushed-back-in-the-gaza-strip-but-warn-fragile-gains-could-be-reversed-without-increased-and-sustained-support\" data-type=\"link\" data-id=\"https:\/\/www.who.int\/news\/item\/19-12-2025-un-agencies-welcome-news-that-famine-has-been-pushed-back-in-the-gaza-strip-but-warn-fragile-gains-could-be-reversed-without-increased-and-sustained-support\" target=\"_blank\" rel=\"noopener nofollow\">uttalande<\/a> att bara h\u00e4lften av Gazas h\u00e4lsov\u00e5rdsinr\u00e4ttningar \u00e4r delvis funktionella, och att \u201d\u00e4ven fungerande h\u00e4lsov\u00e5rdsinr\u00e4ttningar st\u00e5r inf\u00f6r brist p\u00e5 viktiga f\u00f6rn\u00f6denheter och utrustning\u201d\u00a0<\/p>\n<p class=\"article__paragraph\">\u2013\u00a0F\u00f6r att skala upp livr\u00e4ddande tj\u00e4nster och ut\u00f6ka tillg\u00e5ngen till v\u00e5rd kr\u00e4ver WHO snarast ett snabbt godk\u00e4nnande och inf\u00f6rande av viktiga medicinska f\u00f6rn\u00f6denheter, utrustning och prefabricerade sjukhusstrukturer.<\/p>\n<p class=\"article__paragraph\">Lucia Elmi, UNICEF:s chef f\u00f6r katastrofinsatser, s\u00e4ger i samma uttalande:<\/p>\n<p class=\"article__paragraph\">\u2013 Gazas barn st\u00e5r inte l\u00e4ngre inf\u00f6r d\u00f6dlig sv\u00e4lt, men de \u00e4r fortfarande i allvarlig fara. Efter mer \u00e4n tv\u00e5 \u00e5r av oavbruten konflikt b\u00e4r barnens kroppar och utvecklande hj\u00e4rnor djupa, best\u00e5ende \u00e4rr\u201d, s\u00e4ger <\/p>\n<p class=\"article__paragraph\">Hon forts\u00e4tter:\u00a0<\/p>\n<p class=\"article__paragraph\">\u2013\u00a0Mat finns nu p\u00e5 marknaderna, men m\u00e5nga familjer har helt enkelt inte r\u00e5d att k\u00f6pa den. H\u00e4lso- och sjukv\u00e5rden fungerar knappt, rent vatten och sanitetstj\u00e4nster \u00e4r en bristvara, och vintern medf\u00f6r \u00f6kat lidande f\u00f6r f\u00f6rdrivna m\u00e4nniskor som tr\u00e4ngs i provisoriska skydd. Dessa br\u00e4ckliga framsteg kan f\u00f6rsvinna \u00f6ver en natt om striderna \u00e5terupptas. Vi beh\u00f6ver h\u00e5llbar humanit\u00e4r tillg\u00e5ng, \u00e5terst\u00e4llda grundl\u00e4ggande tj\u00e4nster och framf\u00f6r allt varaktig fred. Gazas barn har lidit tillr\u00e4ckligt. V\u00e4rlden kan inte v\u00e4nda sig bort nu.<\/p>\n","protected":false},"excerpt":{"rendered":"F\u00f6r en stor del av Gazas befolkning \u00e4r hunger och os\u00e4ker tillg\u00e5ng till mat fortfarande vardag. Bild fr\u00e5n&hellip;\n","protected":false},"author":2,"featured_media":115837,"comment_status":"","ping_status":"","sticky":false,"template":"","format":"standard","meta":{"footnotes":""},"categories":[14],"tags":[22,23,26,27,17,21,24,25,28,29,15,16,18,34,31,33,32,30,19,20,51,52,53,54],"class_list":{"0":"post-115836","1":"post","2":"type-post","3":"status-publish","4":"format-standard","5":"has-post-thumbnail","7":"category-varlden","8":"tag-breaking-news","9":"tag-breakingnews","10":"tag-featured-news","11":"tag-featurednews","12":"tag-headlines","13":"tag-huvudnyheter","14":"tag-latest-news","15":"tag-latestnews","16":"tag-main-news","17":"tag-mainnews","18":"tag-news","19":"tag-nyheter","20":"tag-rubriker","21":"tag-se","22":"tag-svenska","23":"tag-sverige","24":"tag-sweden","25":"tag-swedish","26":"tag-top-stories","27":"tag-topstories","28":"tag-varlden","29":"tag-world","30":"tag-world-news","31":"tag-worldnews"},"share_on_mastodon":{"url":"https:\/\/pubeurope.com\/@se\/115775298818186433","error":""},"_links":{"self":[{"href":"https:\/\/www.europesays.com\/se\/wp-json\/wp\/v2\/posts\/115836","targetHints":{"allow":["GET"]}}],"collection":[{"href":"https:\/\/www.europesays.com\/se\/wp-json\/wp\/v2\/posts"}],"about":[{"href":"https:\/\/www.europesays.com\/se\/wp-json\/wp\/v2\/types\/post"}],"author":[{"embeddable":true,"href":"https:\/\/www.europesays.com\/se\/wp-json\/wp\/v2\/users\/2"}],"replies":[{"embeddable":true,"href":"https:\/\/www.europesays.com\/se\/wp-json\/wp\/v2\/comments?post=115836"}],"version-history":[{"count":0,"href":"https:\/\/www.europesays.com\/se\/wp-json\/wp\/v2\/posts\/115836\/revisions"}],"wp:featuredmedia":[{"embeddable":true,"href":"https:\/\/www.europesays.com\/se\/wp-json\/wp\/v2\/media\/115837"}],"wp:attachment":[{"href":"https:\/\/www.europesays.com\/se\/wp-json\/wp\/v2\/media?parent=115836"}],"wp:term":[{"taxonomy":"category","embeddable":true,"href":"https:\/\/www.europesays.com\/se\/wp-json\/wp\/v2\/categories?post=115836"},{"taxonomy":"post_tag","embeddable":true,"href":"https:\/\/www.europesays.com\/se\/wp-json\/wp\/v2\/tags?post=115836"}],"curies":[{"name":"wp","href":"https:\/\/api.w.org\/{rel}","templated":true}]}}