{"id":115839,"date":"2025-12-24T15:43:10","date_gmt":"2025-12-24T15:43:10","guid":{"rendered":"https:\/\/www.europesays.com\/se\/115839\/"},"modified":"2025-12-24T15:43:10","modified_gmt":"2025-12-24T15:43:10","slug":"van-de-ven-brot-benet-pa-isak-har-skickat-sms","status":"publish","type":"post","link":"https:\/\/www.europesays.com\/se\/115839\/","title":{"rendered":"Van de Ven br\u00f6t benet p\u00e5 Isak: \u201dHar skickat sms\u201d"},"content":{"rendered":"<p>Alexander Isak br\u00f6t vadbenet efter en v\u00e5ldsam n\u00e4rkamp med Tottenhams f\u00f6rsvarare Micky van de Ven i l\u00f6rdags. Nu ber\u00e4ttar van de Ven f\u00f6r f\u00f6rsta g\u00e5ngen om incidenten och s\u00e4ger att han skickat ett meddelande till Isak i sjuks\u00e4ngen. <\/p>\n<p>\u2013 Jag ville \u00f6nska honom all lycka med rehabiliteringen och skrev att jag hoppas f\u00e5 se honom tillbaka p\u00e5 planen snart. Han uppskattade verkligen meddelandet och skrev tillbaka, s\u00e4ger den 24-\u00e5rige nederl\u00e4ndaren till Sky Sports.<\/p>\n<p>Van de Ven s\u00e4ger ocks\u00e5 att han aldrig menade att skada Isak. <\/p>\n<p>\u2013 Jag ville bara blockera skottet. Det var olyckligt att hans fot hamnade mellan mina ben. <\/p>\n<p>Omni \u00e4r politiskt obundna och oberoende. Vi str\u00e4var efter att ge fler perspektiv p\u00e5 nyheterna. Har du fr\u00e5gor eller synpunkter kring v\u00e5r rapportering? <a href=\"https:\/\/omni.se\/van-de-ven-brot-benet-pa-isak-har-skickat-sms\/a\/mailto:redaktion@omni.se\" class=\"ArticleActions_contactLink__W2F1M\" rel=\"nofollow noopener\" target=\"_blank\">Kontakta redaktionen<\/a><\/p>\n","protected":false},"excerpt":{"rendered":"Alexander Isak br\u00f6t vadbenet efter en v\u00e5ldsam n\u00e4rkamp med Tottenhams f\u00f6rsvarare Micky van de Ven i l\u00f6rdags. Nu&hellip;\n","protected":false},"author":2,"featured_media":115840,"comment_status":"","ping_status":"","sticky":false,"template":"","format":"standard","meta":{"footnotes":""},"categories":[68],"tags":[137,138,341,34,111,110,31,33,32,30,808],"class_list":{"0":"post-115839","1":"post","2":"type-post","3":"status-publish","4":"format-standard","5":"has-post-thumbnail","7":"category-sport","8":"tag-alexander-isak","9":"tag-fotboll","10":"tag-liverpool-fc","11":"tag-se","12":"tag-sport","13":"tag-sports","14":"tag-svenska","15":"tag-sverige","16":"tag-sweden","17":"tag-swedish","18":"tag-tottenham-hotspur-fc"},"share_on_mastodon":{"url":"https:\/\/pubeurope.com\/@se\/115775314654283159","error":""},"_links":{"self":[{"href":"https:\/\/www.europesays.com\/se\/wp-json\/wp\/v2\/posts\/115839","targetHints":{"allow":["GET"]}}],"collection":[{"href":"https:\/\/www.europesays.com\/se\/wp-json\/wp\/v2\/posts"}],"about":[{"href":"https:\/\/www.europesays.com\/se\/wp-json\/wp\/v2\/types\/post"}],"author":[{"embeddable":true,"href":"https:\/\/www.europesays.com\/se\/wp-json\/wp\/v2\/users\/2"}],"replies":[{"embeddable":true,"href":"https:\/\/www.europesays.com\/se\/wp-json\/wp\/v2\/comments?post=115839"}],"version-history":[{"count":0,"href":"https:\/\/www.europesays.com\/se\/wp-json\/wp\/v2\/posts\/115839\/revisions"}],"wp:featuredmedia":[{"embeddable":true,"href":"https:\/\/www.europesays.com\/se\/wp-json\/wp\/v2\/media\/115840"}],"wp:attachment":[{"href":"https:\/\/www.europesays.com\/se\/wp-json\/wp\/v2\/media?parent=115839"}],"wp:term":[{"taxonomy":"category","embeddable":true,"href":"https:\/\/www.europesays.com\/se\/wp-json\/wp\/v2\/categories?post=115839"},{"taxonomy":"post_tag","embeddable":true,"href":"https:\/\/www.europesays.com\/se\/wp-json\/wp\/v2\/tags?post=115839"}],"curies":[{"name":"wp","href":"https:\/\/api.w.org\/{rel}","templated":true}]}}