{"id":11584,"date":"2025-08-23T06:41:09","date_gmt":"2025-08-23T06:41:09","guid":{"rendered":"https:\/\/www.europesays.com\/se\/11584\/"},"modified":"2025-08-23T06:41:09","modified_gmt":"2025-08-23T06:41:09","slug":"aven-lyle-menendez-nekas-villkorlig-frigivning","status":"publish","type":"post","link":"https:\/\/www.europesays.com\/se\/11584\/","title":{"rendered":"\u00c4ven Lyle Menendez nekas villkorlig frigivning"},"content":{"rendered":"<p>Inte heller Lyle Menendez beviljas villkorlig frigivning, rapporterar amerikanska medier. Menendez och hans yngre bror Erik Menendez sitter b\u00e5da i f\u00e4ngelse f\u00f6r att 1989 ha d\u00f6dat sina f\u00f6r\u00e4ldrar. <\/p>\n<p>I v\u00e5ras fick b\u00e5da sina straff tidsbest\u00e4mda, vilket har gjort det m\u00f6jligt f\u00f6r dem att ans\u00f6ka om villkorlig frigivning. P\u00e5 torsdagen avslogs \u00e4ven Eriks ans\u00f6kan. <\/p>\n<p>Br\u00f6derna Menendez fall har aktualiserats sedan det tagits upp i flera omtalade true-crime-serier. <\/p>\n<p>Omni \u00e4r politiskt obundna och oberoende. Vi str\u00e4var efter att ge fler perspektiv p\u00e5 nyheterna. Har du fr\u00e5gor eller synpunkter kring v\u00e5r rapportering? <a href=\"https:\/\/omni.se\/aven-lyle-menendez-nekas-villkorlig-frigivning\/a\/mailto:redaktion@omni.se\" class=\"ArticleActions_contactLink__W2F1M\" rel=\"nofollow noopener\" target=\"_blank\">Kontakta redaktionen<\/a><\/p>\n","protected":false},"excerpt":{"rendered":"Inte heller Lyle Menendez beviljas villkorlig frigivning, rapporterar amerikanska medier. Menendez och hans yngre bror Erik Menendez sitter&hellip;\n","protected":false},"author":2,"featured_media":11585,"comment_status":"","ping_status":"","sticky":false,"template":"","format":"standard","meta":{"footnotes":""},"categories":[67],"tags":[104,1607,1606,268,34,31,33,32,30,105,74],"class_list":{"0":"post-11584","1":"post","2":"type-post","3":"status-publish","4":"format-standard","5":"has-post-thumbnail","7":"category-underhallning","8":"tag-entertainment","9":"tag-erik-menendez","10":"tag-lyle-menendez","11":"tag-nordamerika","12":"tag-se","13":"tag-svenska","14":"tag-sverige","15":"tag-sweden","16":"tag-swedish","17":"tag-underhallning","18":"tag-usa"},"share_on_mastodon":{"url":"","error":""},"_links":{"self":[{"href":"https:\/\/www.europesays.com\/se\/wp-json\/wp\/v2\/posts\/11584","targetHints":{"allow":["GET"]}}],"collection":[{"href":"https:\/\/www.europesays.com\/se\/wp-json\/wp\/v2\/posts"}],"about":[{"href":"https:\/\/www.europesays.com\/se\/wp-json\/wp\/v2\/types\/post"}],"author":[{"embeddable":true,"href":"https:\/\/www.europesays.com\/se\/wp-json\/wp\/v2\/users\/2"}],"replies":[{"embeddable":true,"href":"https:\/\/www.europesays.com\/se\/wp-json\/wp\/v2\/comments?post=11584"}],"version-history":[{"count":0,"href":"https:\/\/www.europesays.com\/se\/wp-json\/wp\/v2\/posts\/11584\/revisions"}],"wp:featuredmedia":[{"embeddable":true,"href":"https:\/\/www.europesays.com\/se\/wp-json\/wp\/v2\/media\/11585"}],"wp:attachment":[{"href":"https:\/\/www.europesays.com\/se\/wp-json\/wp\/v2\/media?parent=11584"}],"wp:term":[{"taxonomy":"category","embeddable":true,"href":"https:\/\/www.europesays.com\/se\/wp-json\/wp\/v2\/categories?post=11584"},{"taxonomy":"post_tag","embeddable":true,"href":"https:\/\/www.europesays.com\/se\/wp-json\/wp\/v2\/tags?post=11584"}],"curies":[{"name":"wp","href":"https:\/\/api.w.org\/{rel}","templated":true}]}}