{"id":115841,"date":"2025-12-24T15:44:08","date_gmt":"2025-12-24T15:44:08","guid":{"rendered":"https:\/\/www.europesays.com\/se\/115841\/"},"modified":"2025-12-24T15:44:08","modified_gmt":"2025-12-24T15:44:08","slug":"siw-malmkvists-kanslosamma-ord-om-dode-maken-i-svt","status":"publish","type":"post","link":"https:\/\/www.europesays.com\/se\/115841\/","title":{"rendered":"Siw Malmkvists k\u00e4nslosamma ord om d\u00f6de maken i SVT"},"content":{"rendered":"<p>Publicerad 24 dec 2025 kl 16.32Uppdaterad kl 16.42<\/p>\n<p>F\u00f6r drygt tv\u00e5 \u00e5r sedan f\u00f6rlorade Siw Malmkvist sin make sedan \u00f6ver 50 \u00e5r tillbaka.<\/p>\n<p>Som julv\u00e4rd i SVT hyllade hon sin bortg\u00e5ngne man, sk\u00e5despelaren Fredrik Ohlsson.<\/p>\n<p>\u2013 Ibland k\u00e4nns det v\u00e4ldigt tomt, sa hon i direkts\u00e4ndningen.<\/p>\n<p><img   alt=\"\"\/><\/p>\n<p>Fredrik Ohlsson och Siw Malmkvist 2018.<\/p>\n<p>Foto: EERO HANNUKAINEN \/ IBL<\/p>\n<p>\u00d6ppna bild i helsk\u00e4rm<img loading=\"lazy\"   alt=\"\"\/><\/p>\n<p>Siw Malmkvist n\u00e4r hon ber\u00e4ttar om maken i SVT.<\/p>\n<p>\u00d6ppna bild i helsk\u00e4rm<\/p>\n<p>Det var i november 2023 som Siw Malmkvist, 88, f\u00f6rlorade sin make, sk\u00e5depelaren Fredrik Ohlsson.\u00a0<\/p>\n<p>Han var f\u00f6rmodligen mest k\u00e4nd f\u00f6r sin roll som Tommy och Annikas pappa i Pippi-filmerna.\u00a0<\/p>\n<p>Sk\u00e5despelaren blev 92 \u00e5r gammal.\u00a0<\/p>\n<p>Som julv\u00e4rd i <a href=\"https:\/\/www.expressen.se\/tagg\/organization\/svt\/\" class=\"\" rel=\"nofollow noopener\" target=\"_blank\">SVT<\/a> p\u00e5 julafton uppm\u00e4rksammade Siw Malmkvist sin bortg\u00e5ngne make som hon var gift med i \u00f6ver 50 \u00e5r.<\/p>\n<p>\u2013 Jag kan ocks\u00e5 k\u00e4nna mig lite ensam i bland. Jag bor alldeles sj\u00e4lv numera, precis som Pippi L\u00e5ngstrump men i m\u00e5nga \u00e5r levde jag ihop med Tommy och Annikas pappa. Ja, allts\u00e5 han som spelade honom i filmerna, sa hon och fortsatte:<\/p>\n<p>\u2013 Fredrik hette han men han dog f\u00f6r tv\u00e5 \u00e5r sen. Ibland k\u00e4nns det v\u00e4ldigt tomt att du inte har n\u00e5gon att att snacka med, sa Siw allvarsamt i s\u00e4ndningen.<\/p>\n<p>Men julv\u00e4rden lyste sen upp i ett leende.<\/p>\n<p>\u2013 T\u00e4nk om jag hade f\u00e5tt ber\u00e4tta f\u00f6r Fredrik att hans favoritlag \u00d6rgryte IS \u00e4r tillbaka i allsvenskan. Han hade jublat, sa hon.<\/p>\n<p><img loading=\"lazy\"   alt=\"\"\/><\/p>\n<p>Siw brast sedan ut i ett leende n\u00e4r hon pratade om makens favoritlag \u00d6rgryte IS.<\/p>\n<p>\u00d6ppna bild i helsk\u00e4rm<\/p>\n","protected":false},"excerpt":{"rendered":"Publicerad 24 dec 2025 kl 16.32Uppdaterad kl 16.42 F\u00f6r drygt tv\u00e5 \u00e5r sedan f\u00f6rlorade Siw Malmkvist sin make&hellip;\n","protected":false},"author":2,"featured_media":115842,"comment_status":"","ping_status":"","sticky":false,"template":"","format":"standard","meta":{"footnotes":""},"categories":[67],"tags":[104,361,2607,34,31,33,32,30,2830,109,105],"class_list":{"0":"post-115841","1":"post","2":"type-post","3":"status-publish","4":"format-standard","5":"has-post-thumbnail","7":"category-underhallning","8":"tag-entertainment","9":"tag-organization-svt","10":"tag-person-siw-malmkvist","11":"tag-se","12":"tag-svenska","13":"tag-sverige","14":"tag-sweden","15":"tag-swedish","16":"tag-topic-jul","17":"tag-topic-skadespelare","18":"tag-underhallning"},"share_on_mastodon":{"url":"https:\/\/pubeurope.com\/@se\/115775318501169859","error":""},"_links":{"self":[{"href":"https:\/\/www.europesays.com\/se\/wp-json\/wp\/v2\/posts\/115841","targetHints":{"allow":["GET"]}}],"collection":[{"href":"https:\/\/www.europesays.com\/se\/wp-json\/wp\/v2\/posts"}],"about":[{"href":"https:\/\/www.europesays.com\/se\/wp-json\/wp\/v2\/types\/post"}],"author":[{"embeddable":true,"href":"https:\/\/www.europesays.com\/se\/wp-json\/wp\/v2\/users\/2"}],"replies":[{"embeddable":true,"href":"https:\/\/www.europesays.com\/se\/wp-json\/wp\/v2\/comments?post=115841"}],"version-history":[{"count":0,"href":"https:\/\/www.europesays.com\/se\/wp-json\/wp\/v2\/posts\/115841\/revisions"}],"wp:featuredmedia":[{"embeddable":true,"href":"https:\/\/www.europesays.com\/se\/wp-json\/wp\/v2\/media\/115842"}],"wp:attachment":[{"href":"https:\/\/www.europesays.com\/se\/wp-json\/wp\/v2\/media?parent=115841"}],"wp:term":[{"taxonomy":"category","embeddable":true,"href":"https:\/\/www.europesays.com\/se\/wp-json\/wp\/v2\/categories?post=115841"},{"taxonomy":"post_tag","embeddable":true,"href":"https:\/\/www.europesays.com\/se\/wp-json\/wp\/v2\/tags?post=115841"}],"curies":[{"name":"wp","href":"https:\/\/api.w.org\/{rel}","templated":true}]}}