{"id":115860,"date":"2025-12-24T16:15:30","date_gmt":"2025-12-24T16:15:30","guid":{"rendered":"https:\/\/www.europesays.com\/se\/115860\/"},"modified":"2025-12-24T16:15:30","modified_gmt":"2025-12-24T16:15:30","slug":"ska-inte-vara-lonsamt-att-sprida-deepfakes","status":"publish","type":"post","link":"https:\/\/www.europesays.com\/se\/115860\/","title":{"rendered":"Ska inte vara l\u00f6nsamt att sprida deepfakes"},"content":{"rendered":"<p>EU b\u00f6r inf\u00f6ra ett identitetsskydd som inneb\u00e4r att medlemsl\u00e4ndernas inv\u00e5nare f\u00e5r \u201dfull r\u00e4tt till sitt ansikte\u201d via en utvidgad upphovsr\u00e4tt. Det skriver Socialdemokraternas utbildningspolitiska talesperson Anders Ygeman tillsammans med EU-parlamentarikerna Adnan Dibrani och Evin Incir p\u00e5 GP:s debattsida. <\/p>\n<p>Inspirationen kommer fr\u00e5n Danmark och S-politikerna anser att Sverige b\u00f6r g\u00e5 i t\u00e4ten f\u00f6r \u00e5tg\u00e4rder som tvingar sociala medier-plattformar att agera mot bluffannonser. Debatt\u00f6rerna skriver att bland annat Meta tj\u00e4nar pengar p\u00e5 bedr\u00e4geriannonser.<\/p>\n<p>\u201dDet ska inte vara till\u00e5tet att sprida deepfakes utan p\u00e5f\u00f6ljd, och det ska definitivt inte vara en l\u00f6nsam aff\u00e4rsmodell att g\u00f6ra det.\u201d<\/p>\n<p>Socialdemokraterna riktar samtidigt en k\u00e4nga till Moderaterna, och menar att partiet g\u00f6r f\u00f6r lite b\u00e5de i Sverige och p\u00e5 EU-niv\u00e5. <\/p>\n<p>Omni \u00e4r politiskt obundna och oberoende. Vi str\u00e4var efter att ge fler perspektiv p\u00e5 nyheterna. Har du fr\u00e5gor eller synpunkter kring v\u00e5r rapportering? <a href=\"https:\/\/omni.se\/s-ska-inte-vara-lonsamt-att-sprida-deepfakes\/a\/mailto:redaktion@omni.se\" class=\"ArticleActions_contactLink__W2F1M\" rel=\"nofollow noopener\" target=\"_blank\">Kontakta redaktionen<\/a><\/p>\n","protected":false},"excerpt":{"rendered":"EU b\u00f6r inf\u00f6ra ett identitetsskydd som inneb\u00e4r att medlemsl\u00e4ndernas inv\u00e5nare f\u00e5r \u201dfull r\u00e4tt till sitt ansikte\u201d via en&hellip;\n","protected":false},"author":2,"featured_media":115861,"comment_status":"","ping_status":"","sticky":false,"template":"","format":"standard","meta":{"footnotes":""},"categories":[65],"tags":[6784,72,333,445,70,71,73,267,334,732,2226,551,34,1557,31,33,32,30],"class_list":{"0":"post-115860","1":"post","2":"type-post","3":"status-publish","4":"format-standard","5":"has-post-thumbnail","7":"category-ekonomi","8":"tag-anders-ygeman","9":"tag-business","10":"tag-data","11":"tag-debatt","12":"tag-economy","13":"tag-ekonomi","14":"tag-eu","15":"tag-europa","16":"tag-it-hogteknologi","17":"tag-media-reklam","18":"tag-meta","19":"tag-moderaterna","20":"tag-se","21":"tag-socialdemokraterna","22":"tag-svenska","23":"tag-sverige","24":"tag-sweden","25":"tag-swedish"},"share_on_mastodon":{"url":"https:\/\/pubeurope.com\/@se\/115775440385778899","error":""},"_links":{"self":[{"href":"https:\/\/www.europesays.com\/se\/wp-json\/wp\/v2\/posts\/115860","targetHints":{"allow":["GET"]}}],"collection":[{"href":"https:\/\/www.europesays.com\/se\/wp-json\/wp\/v2\/posts"}],"about":[{"href":"https:\/\/www.europesays.com\/se\/wp-json\/wp\/v2\/types\/post"}],"author":[{"embeddable":true,"href":"https:\/\/www.europesays.com\/se\/wp-json\/wp\/v2\/users\/2"}],"replies":[{"embeddable":true,"href":"https:\/\/www.europesays.com\/se\/wp-json\/wp\/v2\/comments?post=115860"}],"version-history":[{"count":0,"href":"https:\/\/www.europesays.com\/se\/wp-json\/wp\/v2\/posts\/115860\/revisions"}],"wp:featuredmedia":[{"embeddable":true,"href":"https:\/\/www.europesays.com\/se\/wp-json\/wp\/v2\/media\/115861"}],"wp:attachment":[{"href":"https:\/\/www.europesays.com\/se\/wp-json\/wp\/v2\/media?parent=115860"}],"wp:term":[{"taxonomy":"category","embeddable":true,"href":"https:\/\/www.europesays.com\/se\/wp-json\/wp\/v2\/categories?post=115860"},{"taxonomy":"post_tag","embeddable":true,"href":"https:\/\/www.europesays.com\/se\/wp-json\/wp\/v2\/tags?post=115860"}],"curies":[{"name":"wp","href":"https:\/\/api.w.org\/{rel}","templated":true}]}}