{"id":115862,"date":"2025-12-24T16:16:08","date_gmt":"2025-12-24T16:16:08","guid":{"rendered":"https:\/\/www.europesays.com\/se\/115862\/"},"modified":"2025-12-24T16:16:08","modified_gmt":"2025-12-24T16:16:08","slug":"trots-avradan-fler-vill-fira-jul-i-thailand","status":"publish","type":"post","link":"https:\/\/www.europesays.com\/se\/115862\/","title":{"rendered":"Trots avr\u00e5dan \u2013 fler vill fira jul i Thailand"},"content":{"rendered":"<p>share-arrowDela<\/p>\n<p>unsaveSpara<\/p>\n<p>expand-left<\/p>\n<p>helsk\u00e4rm<img decoding=\"async\" class=\"image-asset hyperion-css-u06ts1\" data-test-tag=\"image-asset\" src=\"https:\/\/www.europesays.com\/se\/wp-content\/uploads\/2025\/12\/e7d1f28b-7ef7-496c-a8e2-56a15eb6f029\"  alt=\"Under jul och ny\u00e5r befinner sig tusentals svenskar i Thailand. Arkivbild.\"  loading=\"eager\" fetchpriority=\"high\" style=\"aspect-ratio:1900 \/ 1277\"\/>Under jul och ny\u00e5r befinner sig tusentals svenskar i Thailand. Arkivbild. Foto: Susanna Persson \u00d6ste\/TT<\/p>\n<p class=\"hyperion-css-1shl3oz\" data-test-tag=\"lead-text\">Trots oroligheter och en reseavr\u00e5dan \u00e4r svenskarnas intresse f\u00f6r ett julfirande i Thailand st\u00f6rre \u00e4n i fjol.<\/p>\n<p class=\"hyperion-css-1shl3oz\" data-test-tag=\"lead-text\">\u2013 Thailand har en s\u00e4rst\u00e4llning, s\u00e4ger Claes Pellvik, kommunikationschef p\u00e5 resebolaget Ving.<\/p>\n<p class=\"hyperion-css-1v9qo5x\">Sp\u00e4nningarna och striderna mellan Thailand och Kambodja som blossade upp igen i b\u00f6rjan p\u00e5 december har inte p\u00e5verkat svenskarnas vilja att fira jul i landet.<\/p>\n<p class=\"hyperion-css-1v9qo5x\">Inte heller sedan UD inf\u00f6rt en reseavr\u00e5dan till delar av Thailand har intresset svalnat \u2013 tv\u00e4rtom.<\/p>\n<p class=\"hyperion-css-1v9qo5x\">\u2013 Vi har sett en \u00f6kning p\u00e5 20 procent av bokningarna p\u00e5 sista-minuten-resor den senaste veckan j\u00e4mf\u00f6rt med f\u00f6rra \u00e5ret, s\u00e4ger Dian Martinez Valencia, kommunikationsansvarig vid resebolaget Tui.<\/p>\n<p class=\"hyperion-css-1v9qo5x\">B\u00e5de Tui och Ving anordnar resor till turistorten Koh Chang, ett omr\u00e5de som omfattas av UD:s avr\u00e5dan \u2013 och resorna dit har d\u00e4rf\u00f6r st\u00e4llts in.<\/p>\n<p class=\"hyperion-css-1v9qo5x\">\u2013 Sedan reseavr\u00e5dan inf\u00f6rdes har vi f\u00e5tt n\u00e5gra f\u00e5tal samtal fr\u00e5n oroliga kunder, men det handlade mest om att man ville orientera sig i l\u00e4get.<\/p>\n<p class=\"hyperion-css-1v9qo5x\">De flesta ber\u00f6rda resen\u00e4rer har valt att boka om till en annan ort i Thailand.<\/p>\n<p class=\"hyperion-css-1v9qo5x\">\u2013 Intresset f\u00f6r Thailand har inte svalnat. Och d\u00e4r skulle jag s\u00e4ga att Thailand har en liten s\u00e4rst\u00e4llning faktiskt, s\u00e4ger Claes Pellvik.<\/p>\n<p class=\"hyperion-css-1v9qo5x\">Han j\u00e4mf\u00f6r med Gazakriget och resor till l\u00e4nder i den kringliggande regionen.<\/p>\n<p class=\"hyperion-css-1v9qo5x\">\u2013 D\u00e5 s\u00e5g vi att efterfr\u00e5gan minskade, vi hade kunder som var oroliga och inte ville \u00e5ka. Men inte med Thailand.<\/p>\n","protected":false},"excerpt":{"rendered":"share-arrowDela unsaveSpara expand-left helsk\u00e4rmUnder jul och ny\u00e5r befinner sig tusentals svenskar i Thailand. Arkivbild. Foto: Susanna Persson \u00d6ste\/TT&hellip;\n","protected":false},"author":2,"featured_media":115863,"comment_status":"","ping_status":"","sticky":false,"template":"","format":"standard","meta":{"footnotes":""},"categories":[14],"tags":[22,23,26,27,17,21,24,25,28,29,15,16,18,34,31,33,32,30,19,20,51,52,53,54],"class_list":{"0":"post-115862","1":"post","2":"type-post","3":"status-publish","4":"format-standard","5":"has-post-thumbnail","7":"category-varlden","8":"tag-breaking-news","9":"tag-breakingnews","10":"tag-featured-news","11":"tag-featurednews","12":"tag-headlines","13":"tag-huvudnyheter","14":"tag-latest-news","15":"tag-latestnews","16":"tag-main-news","17":"tag-mainnews","18":"tag-news","19":"tag-nyheter","20":"tag-rubriker","21":"tag-se","22":"tag-svenska","23":"tag-sverige","24":"tag-sweden","25":"tag-swedish","26":"tag-top-stories","27":"tag-topstories","28":"tag-varlden","29":"tag-world","30":"tag-world-news","31":"tag-worldnews"},"share_on_mastodon":{"url":"https:\/\/pubeurope.com\/@se\/115775444459309021","error":""},"_links":{"self":[{"href":"https:\/\/www.europesays.com\/se\/wp-json\/wp\/v2\/posts\/115862","targetHints":{"allow":["GET"]}}],"collection":[{"href":"https:\/\/www.europesays.com\/se\/wp-json\/wp\/v2\/posts"}],"about":[{"href":"https:\/\/www.europesays.com\/se\/wp-json\/wp\/v2\/types\/post"}],"author":[{"embeddable":true,"href":"https:\/\/www.europesays.com\/se\/wp-json\/wp\/v2\/users\/2"}],"replies":[{"embeddable":true,"href":"https:\/\/www.europesays.com\/se\/wp-json\/wp\/v2\/comments?post=115862"}],"version-history":[{"count":0,"href":"https:\/\/www.europesays.com\/se\/wp-json\/wp\/v2\/posts\/115862\/revisions"}],"wp:featuredmedia":[{"embeddable":true,"href":"https:\/\/www.europesays.com\/se\/wp-json\/wp\/v2\/media\/115863"}],"wp:attachment":[{"href":"https:\/\/www.europesays.com\/se\/wp-json\/wp\/v2\/media?parent=115862"}],"wp:term":[{"taxonomy":"category","embeddable":true,"href":"https:\/\/www.europesays.com\/se\/wp-json\/wp\/v2\/categories?post=115862"},{"taxonomy":"post_tag","embeddable":true,"href":"https:\/\/www.europesays.com\/se\/wp-json\/wp\/v2\/tags?post=115862"}],"curies":[{"name":"wp","href":"https:\/\/api.w.org\/{rel}","templated":true}]}}