{"id":115870,"date":"2025-12-24T16:25:16","date_gmt":"2025-12-24T16:25:16","guid":{"rendered":"https:\/\/www.europesays.com\/se\/115870\/"},"modified":"2025-12-24T16:25:16","modified_gmt":"2025-12-24T16:25:16","slug":"ice-vill-halla-80-000-migranter-i-lagerlokaler","status":"publish","type":"post","link":"https:\/\/www.europesays.com\/se\/115870\/","title":{"rendered":"ICE vill h\u00e5lla 80\u00a0000 migranter i lagerlokaler"},"content":{"rendered":"<p><a href=\"https:\/\/www.washingtonpost.com\/business\/2025\/12\/24\/ice-immigrants-detention-warehouses-deportation-trump\/\" target=\"_blank\" rel=\"noopener noreferrer nofollow\">Washington Post<\/a> har tagit del av interna dokument fr\u00e5n ICE, som visar att man vill bygga sju stora f\u00f6rvar, f\u00f6r att snabba p\u00e5 sina deporteringar av gripna migranter. I\u00a0st\u00e4llet f\u00f6r att k\u00f6ra runt gripna personer till f\u00f6rvar d\u00e4r det finns plats vill man omvandla stora lagerlokaler som anv\u00e4nts inom industrin. I dem ska mellan 5\u00a0000 och 10\u00a0000 personer kunna f\u00e5 plats, innan deras deportering verkst\u00e4lls.<\/p>\n<p>Enligt dokumenten ska de sju stora f\u00f6rvaren finnas i delstaterna Virginia, Texas, Louisiana, Arizona, Georgia och Missouri. Dessutom planerar man f\u00f6r sexton mindre lagerlokaler som kan inrymma 1\u00a0500 personer i varje.<\/p>\n","protected":false},"excerpt":{"rendered":"Washington Post har tagit del av interna dokument fr\u00e5n ICE, som visar att man vill bygga sju stora&hellip;\n","protected":false},"author":2,"featured_media":115871,"comment_status":"","ping_status":"","sticky":false,"template":"","format":"standard","meta":{"footnotes":""},"categories":[14],"tags":[22,23,26,27,17,21,24,25,28,29,15,16,18,34,31,33,32,30,19,20,51,52,53,54],"class_list":{"0":"post-115870","1":"post","2":"type-post","3":"status-publish","4":"format-standard","5":"has-post-thumbnail","7":"category-varlden","8":"tag-breaking-news","9":"tag-breakingnews","10":"tag-featured-news","11":"tag-featurednews","12":"tag-headlines","13":"tag-huvudnyheter","14":"tag-latest-news","15":"tag-latestnews","16":"tag-main-news","17":"tag-mainnews","18":"tag-news","19":"tag-nyheter","20":"tag-rubriker","21":"tag-se","22":"tag-svenska","23":"tag-sverige","24":"tag-sweden","25":"tag-swedish","26":"tag-top-stories","27":"tag-topstories","28":"tag-varlden","29":"tag-world","30":"tag-world-news","31":"tag-worldnews"},"share_on_mastodon":{"url":"https:\/\/pubeurope.com\/@se\/115775479780781874","error":""},"_links":{"self":[{"href":"https:\/\/www.europesays.com\/se\/wp-json\/wp\/v2\/posts\/115870","targetHints":{"allow":["GET"]}}],"collection":[{"href":"https:\/\/www.europesays.com\/se\/wp-json\/wp\/v2\/posts"}],"about":[{"href":"https:\/\/www.europesays.com\/se\/wp-json\/wp\/v2\/types\/post"}],"author":[{"embeddable":true,"href":"https:\/\/www.europesays.com\/se\/wp-json\/wp\/v2\/users\/2"}],"replies":[{"embeddable":true,"href":"https:\/\/www.europesays.com\/se\/wp-json\/wp\/v2\/comments?post=115870"}],"version-history":[{"count":0,"href":"https:\/\/www.europesays.com\/se\/wp-json\/wp\/v2\/posts\/115870\/revisions"}],"wp:featuredmedia":[{"embeddable":true,"href":"https:\/\/www.europesays.com\/se\/wp-json\/wp\/v2\/media\/115871"}],"wp:attachment":[{"href":"https:\/\/www.europesays.com\/se\/wp-json\/wp\/v2\/media?parent=115870"}],"wp:term":[{"taxonomy":"category","embeddable":true,"href":"https:\/\/www.europesays.com\/se\/wp-json\/wp\/v2\/categories?post=115870"},{"taxonomy":"post_tag","embeddable":true,"href":"https:\/\/www.europesays.com\/se\/wp-json\/wp\/v2\/tags?post=115870"}],"curies":[{"name":"wp","href":"https:\/\/api.w.org\/{rel}","templated":true}]}}