{"id":115872,"date":"2025-12-24T16:26:09","date_gmt":"2025-12-24T16:26:09","guid":{"rendered":"https:\/\/www.europesays.com\/se\/115872\/"},"modified":"2025-12-24T16:26:09","modified_gmt":"2025-12-24T16:26:09","slug":"kronprinsessan-besokte-sjukhus-i-stockholm","status":"publish","type":"post","link":"https:\/\/www.europesays.com\/se\/115872\/","title":{"rendered":"Kronprinsessan bes\u00f6kte sjukhus i Stockholm"},"content":{"rendered":"<p>Kronprinsessan Victoria bes\u00f6kte under morgonen S\u00f6dersjukhuset i Stockholm, rapporterar Expressen.<\/p>\n<p>Med henne var prins Daniel, prinsessan Estelle och prins Oscar f\u00f6r att uppm\u00e4rksamma personal inom h\u00e4lso- och sjukv\u00e5rden som jobbar p\u00e5 julafton.<\/p>\n<p>Bilder fr\u00e5n bes\u00f6ket visar kronprinsessfamiljen i samtal med v\u00e5rdpersonal p\u00e5 sjukhusets neonatalavdelning.<\/p>\n<p>Omni \u00e4r politiskt obundna och oberoende. Vi str\u00e4var efter att ge fler perspektiv p\u00e5 nyheterna. Har du fr\u00e5gor eller synpunkter kring v\u00e5r rapportering? <a href=\"https:\/\/omni.se\/kronprinsessan-besokte-sjukhus-i-stockholm\/a\/mailto:redaktion@omni.se\" class=\"ArticleActions_contactLink__W2F1M\" rel=\"nofollow noopener\" target=\"_blank\">Kontakta redaktionen<\/a><\/p>\n","protected":false},"excerpt":{"rendered":"Kronprinsessan Victoria bes\u00f6kte under morgonen S\u00f6dersjukhuset i Stockholm, rapporterar Expressen. Med henne var prins Daniel, prinsessan Estelle och&hellip;\n","protected":false},"author":2,"featured_media":115873,"comment_status":"","ping_status":"","sticky":false,"template":"","format":"standard","meta":{"footnotes":""},"categories":[12],"tags":[22,23,26,27,17,21,1943,24,25,28,29,15,16,12524,12521,12522,18,34,258,127,31,33,32,30,19,20],"class_list":{"0":"post-115872","1":"post","2":"type-post","3":"status-publish","4":"format-standard","5":"has-post-thumbnail","7":"category-sverige","8":"tag-breaking-news","9":"tag-breakingnews","10":"tag-featured-news","11":"tag-featurednews","12":"tag-headlines","13":"tag-huvudnyheter","14":"tag-kronprinsessan-victoria","15":"tag-latest-news","16":"tag-latestnews","17":"tag-main-news","18":"tag-mainnews","19":"tag-news","20":"tag-nyheter","21":"tag-prins-daniel","22":"tag-prins-oscar","23":"tag-prinsessan-estelle","24":"tag-rubriker","25":"tag-se","26":"tag-stockholm","27":"tag-stockholms-lan","28":"tag-svenska","29":"tag-sverige","30":"tag-sweden","31":"tag-swedish","32":"tag-top-stories","33":"tag-topstories"},"share_on_mastodon":{"url":"https:\/\/pubeurope.com\/@se\/115775483656118332","error":""},"_links":{"self":[{"href":"https:\/\/www.europesays.com\/se\/wp-json\/wp\/v2\/posts\/115872","targetHints":{"allow":["GET"]}}],"collection":[{"href":"https:\/\/www.europesays.com\/se\/wp-json\/wp\/v2\/posts"}],"about":[{"href":"https:\/\/www.europesays.com\/se\/wp-json\/wp\/v2\/types\/post"}],"author":[{"embeddable":true,"href":"https:\/\/www.europesays.com\/se\/wp-json\/wp\/v2\/users\/2"}],"replies":[{"embeddable":true,"href":"https:\/\/www.europesays.com\/se\/wp-json\/wp\/v2\/comments?post=115872"}],"version-history":[{"count":0,"href":"https:\/\/www.europesays.com\/se\/wp-json\/wp\/v2\/posts\/115872\/revisions"}],"wp:featuredmedia":[{"embeddable":true,"href":"https:\/\/www.europesays.com\/se\/wp-json\/wp\/v2\/media\/115873"}],"wp:attachment":[{"href":"https:\/\/www.europesays.com\/se\/wp-json\/wp\/v2\/media?parent=115872"}],"wp:term":[{"taxonomy":"category","embeddable":true,"href":"https:\/\/www.europesays.com\/se\/wp-json\/wp\/v2\/categories?post=115872"},{"taxonomy":"post_tag","embeddable":true,"href":"https:\/\/www.europesays.com\/se\/wp-json\/wp\/v2\/tags?post=115872"}],"curies":[{"name":"wp","href":"https:\/\/api.w.org\/{rel}","templated":true}]}}