{"id":115878,"date":"2025-12-24T16:36:18","date_gmt":"2025-12-24T16:36:18","guid":{"rendered":"https:\/\/www.europesays.com\/se\/115878\/"},"modified":"2025-12-24T16:36:18","modified_gmt":"2025-12-24T16:36:18","slug":"donald-trump-sparkar-29-amerikanska-ambassadorer","status":"publish","type":"post","link":"https:\/\/www.europesays.com\/se\/115878\/","title":{"rendered":"Donald Trump sparkar 29 amerikanska ambassad\u00f6rer"},"content":{"rendered":"<p>F\u00f6rra veckan informerades delegationschefer i minst 29 l\u00e4nder runtom i v\u00e4rlden om att deras mandatperioder kommer att upph\u00f6ra i januari, s\u00e4ger tv\u00e5 tj\u00e4nstem\u00e4n p\u00e5 utrikesdepartementet till <a href=\"https:\/\/apnews.com\/article\/diplomacy-ambassadors-state-department-1a10058998c86e799ce4e5132a99da18\" id=\"link-aad58296916c11022967820e7052977a\" rel=\"nofollow noopener\" target=\"_blank\">AP<\/a>.<\/p>\n<p>Enligt de ber\u00f6rda ska det ha kommit pl\u00f6tsligt och det ska inte ha meddelats n\u00e5gon anledning varf\u00f6r mandatperioderna avslutas i f\u00f6rtid.<\/p>\n<p>De flesta diplomaterna som ber\u00f6rs \u00e4r representanter f\u00f6r USA i afrikanska l\u00e4nder, men gemensamt f\u00f6r de ber\u00f6rda \u00e4r att alla har tilltr\u00e4tt under Biden-administration. <\/p>\n<p>Ambassad\u00f6rerna som p\u00e5verkas<\/p>\n<p><strong id=\"strong-b0395814de6c41e10f2370699d5337da\">Afrika:<\/strong><\/p>\n<p>Burundi, Kamerun, Kap Verde, Gabon, Elfenbenskusten, Madagaskar, Mauritius, Niger, Nigeria, Rwanda, Senegal, Somalia, Algeriet och Uganda.<\/p>\n<p><strong id=\"strong-7ded7f3429fc2fab1da0b50753aa2797\">Asien:<\/strong><\/p>\n<p>Armenien, Fiji, Laos, Marshall\u00f6arna, Papua Nya Guinea, Filippinerna och Vietnam.<\/p>\n<p><strong id=\"strong-a1557ce158a8f4cc628b2a685d30f404\">Europa: <\/strong><\/p>\n<p>Nordmakedonien, Montenegro och Slovakien.<\/p>\n<p><strong id=\"strong-b50b9adf0839cb321713b5eff7c4e9df\">Mellan\u00f6stern: <\/strong><\/p>\n<p>Egypten.<\/p>\n<p><strong id=\"strong-16f4a458fd8e4bbc774118d8d7cd398f\">Nord- och Sydamerika:<\/strong><\/p>\n<p>Guatemala och Surinam.<\/p>\n<p>K\u00e4lla: AP<\/p>\n<p>Utrikesdepartementet har valt att inte kommentera specifikt hur m\u00e5nga ambassad\u00f6rer som ber\u00f6rs men har f\u00f6rsvarat f\u00f6r\u00e4ndringarna och kallade dem \u201den standardprocess i alla administrationer\u201d, enligt AP.<\/p>\n","protected":false},"excerpt":{"rendered":"F\u00f6rra veckan informerades delegationschefer i minst 29 l\u00e4nder runtom i v\u00e4rlden om att deras mandatperioder kommer att upph\u00f6ra&hellip;\n","protected":false},"author":2,"featured_media":115879,"comment_status":"","ping_status":"","sticky":false,"template":"","format":"standard","meta":{"footnotes":""},"categories":[14],"tags":[22,23,26,27,17,21,24,25,28,29,15,16,18,34,31,33,32,30,19,20,51,52,53,54],"class_list":{"0":"post-115878","1":"post","2":"type-post","3":"status-publish","4":"format-standard","5":"has-post-thumbnail","7":"category-varlden","8":"tag-breaking-news","9":"tag-breakingnews","10":"tag-featured-news","11":"tag-featurednews","12":"tag-headlines","13":"tag-huvudnyheter","14":"tag-latest-news","15":"tag-latestnews","16":"tag-main-news","17":"tag-mainnews","18":"tag-news","19":"tag-nyheter","20":"tag-rubriker","21":"tag-se","22":"tag-svenska","23":"tag-sverige","24":"tag-sweden","25":"tag-swedish","26":"tag-top-stories","27":"tag-topstories","28":"tag-varlden","29":"tag-world","30":"tag-world-news","31":"tag-worldnews"},"share_on_mastodon":{"url":"https:\/\/pubeurope.com\/@se\/115775522998922251","error":""},"_links":{"self":[{"href":"https:\/\/www.europesays.com\/se\/wp-json\/wp\/v2\/posts\/115878","targetHints":{"allow":["GET"]}}],"collection":[{"href":"https:\/\/www.europesays.com\/se\/wp-json\/wp\/v2\/posts"}],"about":[{"href":"https:\/\/www.europesays.com\/se\/wp-json\/wp\/v2\/types\/post"}],"author":[{"embeddable":true,"href":"https:\/\/www.europesays.com\/se\/wp-json\/wp\/v2\/users\/2"}],"replies":[{"embeddable":true,"href":"https:\/\/www.europesays.com\/se\/wp-json\/wp\/v2\/comments?post=115878"}],"version-history":[{"count":0,"href":"https:\/\/www.europesays.com\/se\/wp-json\/wp\/v2\/posts\/115878\/revisions"}],"wp:featuredmedia":[{"embeddable":true,"href":"https:\/\/www.europesays.com\/se\/wp-json\/wp\/v2\/media\/115879"}],"wp:attachment":[{"href":"https:\/\/www.europesays.com\/se\/wp-json\/wp\/v2\/media?parent=115878"}],"wp:term":[{"taxonomy":"category","embeddable":true,"href":"https:\/\/www.europesays.com\/se\/wp-json\/wp\/v2\/categories?post=115878"},{"taxonomy":"post_tag","embeddable":true,"href":"https:\/\/www.europesays.com\/se\/wp-json\/wp\/v2\/tags?post=115878"}],"curies":[{"name":"wp","href":"https:\/\/api.w.org\/{rel}","templated":true}]}}