{"id":115888,"date":"2025-12-24T16:50:09","date_gmt":"2025-12-24T16:50:09","guid":{"rendered":"https:\/\/www.europesays.com\/se\/115888\/"},"modified":"2025-12-24T16:50:09","modified_gmt":"2025-12-24T16:50:09","slug":"charles-julklapp-till-personalen-saltkar","status":"publish","type":"post","link":"https:\/\/www.europesays.com\/se\/115888\/","title":{"rendered":"Charles julklapp till personalen: saltkar"},"content":{"rendered":"<p>Publicerad 24 dec 2025 kl 17.37<\/p>\n<p>Kung Charles ger sin personal julklappar \u2013 men det \u00e4r inget \u00f6verd\u00e5d.<\/p>\n<p>Det r\u00f6r sig om handskrivna julkort och sm\u00e5saker, alla f\u00f6rsedda med Charles monogram.<\/p>\n<p>\u2013 Jag har f\u00e5tt salt- och pepparkar, tekoppar och glas, s\u00e4ger Jack Stooks, tidigare kunglig tr\u00e4dg\u00e5rdsm\u00e4stare.<\/p>\n<p>Senaste nyhetsklippen fr\u00e5n Expressen.<img   alt=\"\"\/><\/p>\n<p>Kung Charles III deltog under sin tid som brittisk kronprins p\u00e5 personalens julfester.<\/p>\n<p>Foto: CHOWN\/WPA POOL\/SHUTTERSTOCK \/ SHUTTERSTOCK EDITORIAL\/IBL<\/p>\n<p>\u00d6ppna bild i helsk\u00e4rm<img loading=\"lazy\"   alt=\"\"\/><\/p>\n<p>I julklapp gav han bland annat bort saltkar.<\/p>\n<p>\u00d6ppna bild i helsk\u00e4rm<\/p>\n<p>Kung Charles och drottning Camilla deltog alltid i personalens \u00e5rliga julfest redan n\u00e4r han var prins av <a href=\"https:\/\/www.expressen.se\/tagg\/location\/wales\/\" class=\"\" rel=\"nofollow noopener\" target=\"_blank\">Wales<\/a>. Andra medlemmar av kungafamiljen tittade in under kv\u00e4llen \u2013 och efter festen utdelades julklappar.<\/p>\n<p>Charles gr\u00e4vde dock inte s\u00e4rskilt djupt i kassakistan. Det handlade om sm\u00e5 presenter och skrivna julh\u00e4lsningar \u2013 men de anst\u00e4llda verkar inte ha blivit besvikna, s\u00e4rskilt som trollkarlar och komiker stod f\u00f6r underh\u00e5llningen.<\/p>\n<p>\u201dMinglade med personalen\u201d<\/p>\n<p>\u2013 Det nuvarande kungaparet deltog i festen varje \u00e5r och minglade med personalen. Prinsarna William och Harry brukade komma och g\u00e5. Under kv\u00e4llen fick vi alla prata med familjen och l\u00e4ra k\u00e4nna dem b\u00e4ttre, ber\u00e4ttar Jack Stooks, tidigare kunglig tr\u00e4dg\u00e5rdsm\u00e4stare, f\u00f6r <a href=\"https:\/\/www.femalefirst.co.uk\/royal_family\/king-charles-gifts-staff-revealed-1435140.html\" rel=\"nofollow noopener\" target=\"_blank\">den brittiska sajten Heartbingo.<\/a><\/p>\n<p>\u2013 Alla i personalen fick en julklapp som brukade delas ut dagen efter festen. Jag har f\u00e5tt salt- och pepparkar, tekoppar och fat, vattenglas, vattenkannor och brickor. Vi fick ocks\u00e5 ett handskrivet julkort fr\u00e5n Charles och Camilla, s\u00e4ger han.<\/p>\n<p>Han s\u00e4ger att alla presenterna var dekorerade med monogram och de tre strutsfj\u00e4drar som \u00e4r prinsen av Wales emblem.<\/p>\n<p>Trollkarlar och s\u00e5ngare<\/p>\n<p>Personal fr\u00e5n olika kungliga slott brukade delta i festen p\u00e5 St. James Palace d\u00e4r det ocks\u00e5 serverades en fin middag. Artister stod f\u00f6r underh\u00e5llningen.<\/p>\n<p>\u2013 D\u00e4r var trollkarlar som gjorde kortkonster och l\u00e5tsades ta folks klockor. D\u00e4r var ocks\u00e5 artister som komikern Omid Djalili och s\u00e5ngaren Alfie Boe, s\u00e4ger Jack Stooks.<\/p>\n","protected":false},"excerpt":{"rendered":"Publicerad 24 dec 2025 kl 17.37 Kung Charles ger sin personal julklappar \u2013 men det \u00e4r inget \u00f6verd\u00e5d.&hellip;\n","protected":false},"author":2,"featured_media":115889,"comment_status":"","ping_status":"","sticky":false,"template":"","format":"standard","meta":{"footnotes":""},"categories":[66],"tags":[1657,2055,80,78,79,34,612,31,33,32,30,81,84,83,82],"class_list":{"0":"post-115888","1":"post","2":"type-post","3":"status-publish","4":"format-standard","5":"has-post-thumbnail","7":"category-vetenskap-och-teknik","8":"tag-location-wales","9":"tag-person-kung-charles","10":"tag-science","11":"tag-science-and-technology","12":"tag-scienceandtechnology","13":"tag-se","14":"tag-sections-kungligt","15":"tag-svenska","16":"tag-sverige","17":"tag-sweden","18":"tag-swedish","19":"tag-technology","20":"tag-teknik","21":"tag-vetenskap","22":"tag-vetenskapteknik"},"share_on_mastodon":{"url":"https:\/\/pubeurope.com\/@se\/115775578020239843","error":""},"_links":{"self":[{"href":"https:\/\/www.europesays.com\/se\/wp-json\/wp\/v2\/posts\/115888","targetHints":{"allow":["GET"]}}],"collection":[{"href":"https:\/\/www.europesays.com\/se\/wp-json\/wp\/v2\/posts"}],"about":[{"href":"https:\/\/www.europesays.com\/se\/wp-json\/wp\/v2\/types\/post"}],"author":[{"embeddable":true,"href":"https:\/\/www.europesays.com\/se\/wp-json\/wp\/v2\/users\/2"}],"replies":[{"embeddable":true,"href":"https:\/\/www.europesays.com\/se\/wp-json\/wp\/v2\/comments?post=115888"}],"version-history":[{"count":0,"href":"https:\/\/www.europesays.com\/se\/wp-json\/wp\/v2\/posts\/115888\/revisions"}],"wp:featuredmedia":[{"embeddable":true,"href":"https:\/\/www.europesays.com\/se\/wp-json\/wp\/v2\/media\/115889"}],"wp:attachment":[{"href":"https:\/\/www.europesays.com\/se\/wp-json\/wp\/v2\/media?parent=115888"}],"wp:term":[{"taxonomy":"category","embeddable":true,"href":"https:\/\/www.europesays.com\/se\/wp-json\/wp\/v2\/categories?post=115888"},{"taxonomy":"post_tag","embeddable":true,"href":"https:\/\/www.europesays.com\/se\/wp-json\/wp\/v2\/tags?post=115888"}],"curies":[{"name":"wp","href":"https:\/\/api.w.org\/{rel}","templated":true}]}}