{"id":115906,"date":"2025-12-24T17:18:10","date_gmt":"2025-12-24T17:18:10","guid":{"rendered":"https:\/\/www.europesays.com\/se\/115906\/"},"modified":"2025-12-24T17:18:10","modified_gmt":"2025-12-24T17:18:10","slug":"donald-trump-har-fatt-dyrbara-gavor-fran-varldsledare-boeing-sticker-ut","status":"publish","type":"post","link":"https:\/\/www.europesays.com\/se\/115906\/","title":{"rendered":"Donald Trump har f\u00e5tt dyrbara g\u00e5vor fr\u00e5n v\u00e4rldsledare \u2013 Boeing sticker ut"},"content":{"rendered":"<p><strong>GEN\u00c8VE<\/strong> F\u00e5 amerikanska presidenter anses ha f\u00e5tt s\u00e5dana m\u00e4ngder med dyra g\u00e5vor p\u00e5 s\u00e5 kort tid vid makten. De flesta v\u00e4rldsledare verkar ha fokuserat p\u00e5 just guld. <\/p>\n<p>En samurajhj\u00e4lm i guld sk\u00e4nktes till Trump av den japanske premi\u00e4rministern Shigeru Ishiba, medan Sydkoreas president Lee Jae Myung gav en replika av en guldkrona. \u201dJag skulle vilja ta p\u00e5 mig den direkt\u201d, sk\u00e4mtade Trump.<\/p>\n","protected":false},"excerpt":{"rendered":"GEN\u00c8VE F\u00e5 amerikanska presidenter anses ha f\u00e5tt s\u00e5dana m\u00e4ngder med dyra g\u00e5vor p\u00e5 s\u00e5 kort tid vid makten.&hellip;\n","protected":false},"author":2,"featured_media":115907,"comment_status":"","ping_status":"","sticky":false,"template":"","format":"standard","meta":{"footnotes":""},"categories":[14],"tags":[22,23,26,27,17,21,24,25,28,29,15,16,18,34,31,33,32,30,19,20,51,52,53,54],"class_list":{"0":"post-115906","1":"post","2":"type-post","3":"status-publish","4":"format-standard","5":"has-post-thumbnail","7":"category-varlden","8":"tag-breaking-news","9":"tag-breakingnews","10":"tag-featured-news","11":"tag-featurednews","12":"tag-headlines","13":"tag-huvudnyheter","14":"tag-latest-news","15":"tag-latestnews","16":"tag-main-news","17":"tag-mainnews","18":"tag-news","19":"tag-nyheter","20":"tag-rubriker","21":"tag-se","22":"tag-svenska","23":"tag-sverige","24":"tag-sweden","25":"tag-swedish","26":"tag-top-stories","27":"tag-topstories","28":"tag-varlden","29":"tag-world","30":"tag-world-news","31":"tag-worldnews"},"share_on_mastodon":{"url":"https:\/\/pubeurope.com\/@se\/115775688194410974","error":""},"_links":{"self":[{"href":"https:\/\/www.europesays.com\/se\/wp-json\/wp\/v2\/posts\/115906","targetHints":{"allow":["GET"]}}],"collection":[{"href":"https:\/\/www.europesays.com\/se\/wp-json\/wp\/v2\/posts"}],"about":[{"href":"https:\/\/www.europesays.com\/se\/wp-json\/wp\/v2\/types\/post"}],"author":[{"embeddable":true,"href":"https:\/\/www.europesays.com\/se\/wp-json\/wp\/v2\/users\/2"}],"replies":[{"embeddable":true,"href":"https:\/\/www.europesays.com\/se\/wp-json\/wp\/v2\/comments?post=115906"}],"version-history":[{"count":0,"href":"https:\/\/www.europesays.com\/se\/wp-json\/wp\/v2\/posts\/115906\/revisions"}],"wp:featuredmedia":[{"embeddable":true,"href":"https:\/\/www.europesays.com\/se\/wp-json\/wp\/v2\/media\/115907"}],"wp:attachment":[{"href":"https:\/\/www.europesays.com\/se\/wp-json\/wp\/v2\/media?parent=115906"}],"wp:term":[{"taxonomy":"category","embeddable":true,"href":"https:\/\/www.europesays.com\/se\/wp-json\/wp\/v2\/categories?post=115906"},{"taxonomy":"post_tag","embeddable":true,"href":"https:\/\/www.europesays.com\/se\/wp-json\/wp\/v2\/tags?post=115906"}],"curies":[{"name":"wp","href":"https:\/\/api.w.org\/{rel}","templated":true}]}}