{"id":115915,"date":"2025-12-24T17:26:09","date_gmt":"2025-12-24T17:26:09","guid":{"rendered":"https:\/\/www.europesays.com\/se\/115915\/"},"modified":"2025-12-24T17:26:09","modified_gmt":"2025-12-24T17:26:09","slug":"generaler-i-exil-planerar-uppror-i-syrien","status":"publish","type":"post","link":"https:\/\/www.europesays.com\/se\/115915\/","title":{"rendered":"Generaler i exil planerar uppror i Syrien"},"content":{"rendered":"<p>Den avsatte diktatorn al-Assads toppgeneraler i exil planerar ett v\u00e4pnat uppror mot Syriens nya styre f\u00f6r att ta \u00f6ver makten i landet. Det skriver The New York Times i en granskning.<\/p>\n<p>Tidningen har tagit del av avlyssnade telefonsamtal, textmeddelanden och interna chattar mellan tidigare regimf\u00f6retr\u00e4dare. <\/p>\n<p>Det \u00e4r oklart om de tidigare regimtj\u00e4nstem\u00e4nnen utg\u00f6r ett hot mot de nya syriska myndigheterna \u2013 men de verkar fast beslutna att \u00e5teruppr\u00e4tta sitt inflytande i Syrien, skriver tidningen. <\/p>\n<p>\u2013 Vi b\u00f6rjar inte f\u00f6rr\u00e4n vi \u00e4r fullt bev\u00e4pnade, s\u00e4ger den tidigare bef\u00e4lhavaren Ghiath Dalla i ett avlyssnat telefonsamtal i april i \u00e5r. <\/p>\n<p>Omni \u00e4r politiskt obundna och oberoende. Vi str\u00e4var efter att ge fler perspektiv p\u00e5 nyheterna. Har du fr\u00e5gor eller synpunkter kring v\u00e5r rapportering? <a href=\"https:\/\/omni.se\/granskning-avsatta-generaler-i-exil-planerar-uppror-mot-nya-syriska-styret\/a\/mailto:redaktion@omni.se\" class=\"ArticleActions_contactLink__W2F1M\" rel=\"nofollow noopener\" target=\"_blank\">Kontakta redaktionen<\/a><\/p>\n","protected":false},"excerpt":{"rendered":"Den avsatte diktatorn al-Assads toppgeneraler i exil planerar ett v\u00e4pnat uppror mot Syriens nya styre f\u00f6r att ta&hellip;\n","protected":false},"author":2,"featured_media":115916,"comment_status":"","ping_status":"","sticky":false,"template":"","format":"standard","meta":{"footnotes":""},"categories":[14],"tags":[4250,22,23,26,27,17,21,24,25,28,29,124,125,15,16,18,34,31,33,32,30,4251,19,20,51,52,53,54],"class_list":{"0":"post-115915","1":"post","2":"type-post","3":"status-publish","4":"format-standard","5":"has-post-thumbnail","7":"category-varlden","8":"tag-bashar-al-assad","9":"tag-breaking-news","10":"tag-breakingnews","11":"tag-featured-news","12":"tag-featurednews","13":"tag-headlines","14":"tag-huvudnyheter","15":"tag-latest-news","16":"tag-latestnews","17":"tag-main-news","18":"tag-mainnews","19":"tag-mellanostern","20":"tag-mellanosternkrisen","21":"tag-news","22":"tag-nyheter","23":"tag-rubriker","24":"tag-se","25":"tag-svenska","26":"tag-sverige","27":"tag-sweden","28":"tag-swedish","29":"tag-syrien","30":"tag-top-stories","31":"tag-topstories","32":"tag-varlden","33":"tag-world","34":"tag-world-news","35":"tag-worldnews"},"share_on_mastodon":{"url":"https:\/\/pubeurope.com\/@se\/115775719593879641","error":""},"_links":{"self":[{"href":"https:\/\/www.europesays.com\/se\/wp-json\/wp\/v2\/posts\/115915","targetHints":{"allow":["GET"]}}],"collection":[{"href":"https:\/\/www.europesays.com\/se\/wp-json\/wp\/v2\/posts"}],"about":[{"href":"https:\/\/www.europesays.com\/se\/wp-json\/wp\/v2\/types\/post"}],"author":[{"embeddable":true,"href":"https:\/\/www.europesays.com\/se\/wp-json\/wp\/v2\/users\/2"}],"replies":[{"embeddable":true,"href":"https:\/\/www.europesays.com\/se\/wp-json\/wp\/v2\/comments?post=115915"}],"version-history":[{"count":0,"href":"https:\/\/www.europesays.com\/se\/wp-json\/wp\/v2\/posts\/115915\/revisions"}],"wp:featuredmedia":[{"embeddable":true,"href":"https:\/\/www.europesays.com\/se\/wp-json\/wp\/v2\/media\/115916"}],"wp:attachment":[{"href":"https:\/\/www.europesays.com\/se\/wp-json\/wp\/v2\/media?parent=115915"}],"wp:term":[{"taxonomy":"category","embeddable":true,"href":"https:\/\/www.europesays.com\/se\/wp-json\/wp\/v2\/categories?post=115915"},{"taxonomy":"post_tag","embeddable":true,"href":"https:\/\/www.europesays.com\/se\/wp-json\/wp\/v2\/tags?post=115915"}],"curies":[{"name":"wp","href":"https:\/\/api.w.org\/{rel}","templated":true}]}}