{"id":115921,"date":"2025-12-24T17:31:41","date_gmt":"2025-12-24T17:31:41","guid":{"rendered":"https:\/\/www.europesays.com\/se\/115921\/"},"modified":"2025-12-24T17:31:41","modified_gmt":"2025-12-24T17:31:41","slug":"julens-hetaste-drakaventyr-how-to-train-your-dragon-landar-pa-streaming","status":"publish","type":"post","link":"https:\/\/www.europesays.com\/se\/115921\/","title":{"rendered":"Julens hetaste drak\u00e4ventyr: \u201dHow to Train Your Dragon\u201d landar p\u00e5 streaming"},"content":{"rendered":"<p>\u00c4ntligen! DreamWorks klassiker \u201dHow to Train Your Dragon\u201d aka \u201dDraktr\u00e4naren\u201d fr\u00e5n 2010 f\u00e5r nytt liv, och denna g\u00e5ng i live-action. Filmen f\u00f6ljer ton\u00e5rsvikingen Hiccup och hans osannolika v\u00e4nskap med draken Toothless \u2013 en ber\u00e4ttelse om mod, familjeband och att v\u00e5ga g\u00e5 sin egen v\u00e4g \u00e4ven om det ibland riskerar att bli eldgrillad av en v\u00e4nlig drake.<\/p>\n<p>F\u00e5r du inte nog av drak\u00e4ventyr, d\u00e5 blir detta en julpremi\u00e4r att h\u00e5lla utkik efter. Den nya versionen \u00e4r regisserad av <strong>Dean<\/strong> <strong>DeBlois<\/strong>, som \u00e4ven regisserade originalfilmen. I st\u00e4llet f\u00f6r att l\u00e5ta n\u00e5gon annan ta \u00f6ver har DeBlois f\u00e5tt uppdraget att uppdatera filmen p\u00e5 ett troget s\u00e4tt, samtidigt som modern visuell teknik anv\u00e4nds f\u00f6r att skapa en mer realistisk k\u00e4nsla, s\u00e4rskilt n\u00e4r det g\u00e4ller drakarna.\u00a0<\/p>\n<p>I live-action-versionen spelar <strong>Mason<\/strong> <strong>Thames<\/strong> Hiccup, med <strong>Nico<\/strong> <strong>Parker<\/strong> som Astrid och <strong>Gerard<\/strong> <strong>Butler<\/strong> som vikingah\u00f6vdingen Stoick. <\/p>\n<p>Toothless och drakarna \u00e4r fortfarande digitalt skapade (k\u00e4nns tryggt) men har f\u00e5tt ett mer realistiskt och kraftfullt uttryck \u00e4n i originalet. Filmen kombinerar humor, \u00e4ventyr och hj\u00e4rta, samtidigt som den beh\u00e5ller den starka familje- och v\u00e4nskapsdimensionen som gjorde den animerade filmen s\u00e5 popul\u00e4r.<\/p>\n<p><strong>IMDb<\/strong> ger filmen 7,8\/10, vilket tyder p\u00e5 ett varmt mottagande fr\u00e5n publiken. H\u00e4r p\u00e5 MovieZine <a href=\"https:\/\/www.moviezine.se\/movies\/draktranaren-2025\" rel=\"nofollow noopener\" target=\"_blank\">blev betyget 4\/5<\/a> till \u201dett fartfyllt vikinga\u00e4ventyr med hj\u00e4rtat p\u00e5 r\u00e4tt st\u00e4lle\u201d.<\/p>\n<p>Julpremi\u00e4ren p\u00e5 SkyShowtime kommer s\u00e4kerligen att locka b\u00e5de nya tittare och alla som fortfarande minns n\u00e4r de satt klistrade framf\u00f6r den animerade originalfilmen. Det h\u00e4r skulle mycket v\u00e4l kunna bli en julklassiker. Perfekt f\u00f6r familjer, drakfantaster och alla som ibland dr\u00f6mmer om att ha en egen Toothless i vardagsrummet.<\/p>\n<p>\u201dHow to Train Your Dragon\u201d finns att streama p\u00e5 <a href=\"https:\/\/www.moviezine.se\/nyheter\/6-nya-storfilmer-till-skyshowtime-har-ar-premiarerna-i-december-2025\" rel=\"nofollow noopener\" target=\"_blank\">SkyShowtime<\/a> fr\u00e5n och med juldagen den 25 december.<\/p>\n<p><img loading=\"lazy\" decoding=\"async\" alt=\"YouTube video\" width=\"480\" height=\"360\" data-pin-nopin=\"true\" nopin=\"nopin\" class=\"perfmatters-lazy\" src=\"https:\/\/www.europesays.com\/se\/wp-content\/uploads\/2025\/12\/1766597501_809_hqdefault.jpg\"\/><\/p>\n<p>L\u00e4s ocks\u00e5: <a href=\"https:\/\/www.moviezine.se\/nyheter\/6-nya-storfilmer-till-skyshowtime-har-ar-premiarerna-i-december-2025\" title=\"6 nya storfilmer till SkyShowtime \u2013 h\u00e4r \u00e4r premi\u00e4rerna i december 2025\" class=\"underline-custom !font-montserrat !font-bold !underline-offset-4 !decoration-4 !decoration-moviezine-green !text-md\" rel=\"nofollow noopener\" target=\"_blank\">6 nya storfilmer till SkyShowtime \u2013 h\u00e4r \u00e4r premi\u00e4rerna i december 2025<\/a><\/p>\n<p>L\u00e4s ocks\u00e5: <a href=\"https:\/\/www.moviezine.se\/nyheter\/slang-dig-i-vaggen-jim-carrey-ny-filmstjarna-tar-over-biorekord\" title=\"Han \u00e4r med i 3 storfilmer i \u00e5r \u2013 \u00e4nd\u00e5 vet ingen hans namn\" class=\"underline-custom !font-montserrat !font-bold !underline-offset-4 !decoration-4 !decoration-moviezine-green !text-md\" rel=\"nofollow noopener\" target=\"_blank\">Han \u00e4r med i 3 storfilmer i \u00e5r \u2013 \u00e4nd\u00e5 vet ingen hans namn<\/a><\/p>\n","protected":false},"excerpt":{"rendered":"\u00c4ntligen! DreamWorks klassiker \u201dHow to Train Your Dragon\u201d aka \u201dDraktr\u00e4naren\u201d fr\u00e5n 2010 f\u00e5r nytt liv, och denna g\u00e5ng&hellip;\n","protected":false},"author":2,"featured_media":115922,"comment_status":"","ping_status":"","sticky":false,"template":"","format":"standard","meta":{"footnotes":""},"categories":[67],"tags":[104,34,3859,2032,31,33,32,30,105],"class_list":{"0":"post-115921","1":"post","2":"type-post","3":"status-publish","4":"format-standard","5":"has-post-thumbnail","7":"category-underhallning","8":"tag-entertainment","9":"tag-se","10":"tag-skyshowtime","11":"tag-streamingtips","12":"tag-svenska","13":"tag-sverige","14":"tag-sweden","15":"tag-swedish","16":"tag-underhallning"},"share_on_mastodon":{"url":"https:\/\/pubeurope.com\/@se\/115775739394943906","error":""},"_links":{"self":[{"href":"https:\/\/www.europesays.com\/se\/wp-json\/wp\/v2\/posts\/115921","targetHints":{"allow":["GET"]}}],"collection":[{"href":"https:\/\/www.europesays.com\/se\/wp-json\/wp\/v2\/posts"}],"about":[{"href":"https:\/\/www.europesays.com\/se\/wp-json\/wp\/v2\/types\/post"}],"author":[{"embeddable":true,"href":"https:\/\/www.europesays.com\/se\/wp-json\/wp\/v2\/users\/2"}],"replies":[{"embeddable":true,"href":"https:\/\/www.europesays.com\/se\/wp-json\/wp\/v2\/comments?post=115921"}],"version-history":[{"count":0,"href":"https:\/\/www.europesays.com\/se\/wp-json\/wp\/v2\/posts\/115921\/revisions"}],"wp:featuredmedia":[{"embeddable":true,"href":"https:\/\/www.europesays.com\/se\/wp-json\/wp\/v2\/media\/115922"}],"wp:attachment":[{"href":"https:\/\/www.europesays.com\/se\/wp-json\/wp\/v2\/media?parent=115921"}],"wp:term":[{"taxonomy":"category","embeddable":true,"href":"https:\/\/www.europesays.com\/se\/wp-json\/wp\/v2\/categories?post=115921"},{"taxonomy":"post_tag","embeddable":true,"href":"https:\/\/www.europesays.com\/se\/wp-json\/wp\/v2\/tags?post=115921"}],"curies":[{"name":"wp","href":"https:\/\/api.w.org\/{rel}","templated":true}]}}