{"id":115933,"date":"2025-12-24T18:10:15","date_gmt":"2025-12-24T18:10:15","guid":{"rendered":"https:\/\/www.europesays.com\/se\/115933\/"},"modified":"2025-12-24T18:10:15","modified_gmt":"2025-12-24T18:10:15","slug":"hopp-efter-dom-mot-bosattare-i-betlehem-ger-aldrig-upp-kampen","status":"publish","type":"post","link":"https:\/\/www.europesays.com\/se\/115933\/","title":{"rendered":"Hopp efter dom mot bos\u00e4ttare i Betlehem: \u201dGer aldrig upp kampen\u201d"},"content":{"rendered":"<p>Palestinska Alice Kisiya har vunnit en viktig seger i israelisk domstol \u2013\u202fmot de israeliska bos\u00e4ttare som ockuperat hennes familjs mark i den kristna byn al-Makhrour utanf\u00f6r Betlehem. Det rapporterar Al Jazeera. I g\u00e5r bes\u00f6kte hon platsen f\u00f6r f\u00f6rsta g\u00e5ngen sedan \u00e5r 2019. <\/p>\n<p>\u2013 Den h\u00e4r segern som har tvingat bos\u00e4ttarna att montera ner sin utpost och ge sig av bekr\u00e4ftar att man aldrig ska ge upp kampen, s\u00e4ger Alice Kisiya till tv-kanalen. <\/p>\n<p>Efter flera \u00e5rs domstolsf\u00f6rhandlingar underk\u00e4nde r\u00e4tten de \u00e4gardokument som bos\u00e4ttarna visade upp som falska, och slog fast att familjen Kisiya \u00e4r r\u00e4ttm\u00e4tiga \u00e4gare till marken.  <\/p>\n<p>Nu har bos\u00e4ttarna ockuperat en annan markbit som tillh\u00f6r sl\u00e4ktingar till familjen, och kampen i domstolarna forts\u00e4tter. <\/p>\n<p>Omni \u00e4r politiskt obundna och oberoende. Vi str\u00e4var efter att ge fler perspektiv p\u00e5 nyheterna. Har du fr\u00e5gor eller synpunkter kring v\u00e5r rapportering? <a href=\"https:\/\/omni.se\/hopp-efter-dom-mot-bosattare-i-betlehem-ger-aldrig-upp-kampen\/a\/mailto:redaktion@omni.se\" class=\"ArticleActions_contactLink__W2F1M\" rel=\"nofollow noopener\" target=\"_blank\">Kontakta redaktionen<\/a><\/p>\n","protected":false},"excerpt":{"rendered":"Palestinska Alice Kisiya har vunnit en viktig seger i israelisk domstol \u2013\u202fmot de israeliska bos\u00e4ttare som ockuperat hennes&hellip;\n","protected":false},"author":2,"featured_media":115934,"comment_status":"","ping_status":"","sticky":false,"template":"","format":"standard","meta":{"footnotes":""},"categories":[14],"tags":[22,23,26,27,17,21,342,24,25,28,29,124,125,15,16,123,18,34,31,33,32,30,19,20,51,52,53,54],"class_list":{"0":"post-115933","1":"post","2":"type-post","3":"status-publish","4":"format-standard","5":"has-post-thumbnail","7":"category-varlden","8":"tag-breaking-news","9":"tag-breakingnews","10":"tag-featured-news","11":"tag-featurednews","12":"tag-headlines","13":"tag-huvudnyheter","14":"tag-israel","15":"tag-latest-news","16":"tag-latestnews","17":"tag-main-news","18":"tag-mainnews","19":"tag-mellanostern","20":"tag-mellanosternkrisen","21":"tag-news","22":"tag-nyheter","23":"tag-palestina","24":"tag-rubriker","25":"tag-se","26":"tag-svenska","27":"tag-sverige","28":"tag-sweden","29":"tag-swedish","30":"tag-top-stories","31":"tag-topstories","32":"tag-varlden","33":"tag-world","34":"tag-world-news","35":"tag-worldnews"},"share_on_mastodon":{"url":"https:\/\/pubeurope.com\/@se\/115775892533799794","error":""},"_links":{"self":[{"href":"https:\/\/www.europesays.com\/se\/wp-json\/wp\/v2\/posts\/115933","targetHints":{"allow":["GET"]}}],"collection":[{"href":"https:\/\/www.europesays.com\/se\/wp-json\/wp\/v2\/posts"}],"about":[{"href":"https:\/\/www.europesays.com\/se\/wp-json\/wp\/v2\/types\/post"}],"author":[{"embeddable":true,"href":"https:\/\/www.europesays.com\/se\/wp-json\/wp\/v2\/users\/2"}],"replies":[{"embeddable":true,"href":"https:\/\/www.europesays.com\/se\/wp-json\/wp\/v2\/comments?post=115933"}],"version-history":[{"count":0,"href":"https:\/\/www.europesays.com\/se\/wp-json\/wp\/v2\/posts\/115933\/revisions"}],"wp:featuredmedia":[{"embeddable":true,"href":"https:\/\/www.europesays.com\/se\/wp-json\/wp\/v2\/media\/115934"}],"wp:attachment":[{"href":"https:\/\/www.europesays.com\/se\/wp-json\/wp\/v2\/media?parent=115933"}],"wp:term":[{"taxonomy":"category","embeddable":true,"href":"https:\/\/www.europesays.com\/se\/wp-json\/wp\/v2\/categories?post=115933"},{"taxonomy":"post_tag","embeddable":true,"href":"https:\/\/www.europesays.com\/se\/wp-json\/wp\/v2\/tags?post=115933"}],"curies":[{"name":"wp","href":"https:\/\/api.w.org\/{rel}","templated":true}]}}