{"id":115937,"date":"2025-12-24T18:18:15","date_gmt":"2025-12-24T18:18:15","guid":{"rendered":"https:\/\/www.europesays.com\/se\/115937\/"},"modified":"2025-12-24T18:18:15","modified_gmt":"2025-12-24T18:18:15","slug":"darfor-tackade-kate-hudson-nej-till-spider-man","status":"publish","type":"post","link":"https:\/\/www.europesays.com\/se\/115937\/","title":{"rendered":"D\u00e4rf\u00f6r tackade Kate Hudson nej till \u201dSpider-Man\u201d"},"content":{"rendered":"<p><strong>Kirsten Dunst<\/strong> blev hela v\u00e4rldens Mary Jane Watson n\u00e4r hon spelade rollen i Sam Raimis <strong>\u201dSpider-Man\u201d <\/strong>(2002) och dess tv\u00e5 uppf\u00f6ljare. Men rollfiguren kunde ha spelats av ett annat k\u00e4nt namn.<\/p>\n<p><img loading=\"lazy\" decoding=\"async\" width=\"648\" height=\"428\" data-id=\"441002\" alt=\"\" class=\"wp-image-441002 perfmatters-lazy\" src=\"https:\/\/www.europesays.com\/se\/wp-content\/uploads\/2025\/12\/large_35096d6aecfe1a52517adb71c4563cf1-spidermankiss-648x428.jpg\"  data-\/><\/p>\n<p><strong>Kate Hudson<\/strong> har bekr\u00e4ftat att hon faktiskt tackade nej till rollen under ett framtr\u00e4dande i \u201dWatch What Happens Live With Andy Cohen\u201d:<\/p>\n<p>\u2013 Det \u00e4r s\u00e5 lustigt. N\u00e4r folk fr\u00e5gar s\u00e5dana saker k\u00e4nns det inte bra att prata om det, eftersom de som \u00e4r med i filmen \u00e4r r\u00e4tt personer. Omst\u00e4ndigheterna i ens liv blir som de blir. Men ja, det st\u00e4mmer, och n\u00e4r jag ser tillbaka \u00e4r det en s\u00e5dan d\u00e4r grej d\u00e4r jag t\u00e4nker: \u201dDet hade varit kul att vara med i Spider-Man\u201d.<\/p>\n<p>Hudson gjorde ist\u00e4llet filmen <strong>\u201dThe Four Feathers\u201d<\/strong>.<\/p>\n<p>\u2013 Jag fick tr\u00e4ffa <strong>Heath Ledger<\/strong>, som blev en v\u00e4ldigt god v\u00e4n, och jag fick en erfarenhet som jag aldrig hade f\u00e5tt annars. S\u00e5 en del av mig t\u00e4nker att livet blir precis som det ska, och jag \u00e4r tacksam f\u00f6r det. Men jag t\u00e4nker \u00e4nd\u00e5 p\u00e5 det d\u00e4r \u2026 det hade varit roligt att vara hon.<\/p>\n<p>Krigsdramat \u201dThe Four Feathers\u201d, baserad p\u00e5 A.E. W. Masons roman \u201dDe fyra fj\u00e4drarna\u201d, blev tyv\u00e4rr ingen framg\u00e5ng och Hudson har hittills inte medverkat i n\u00e5gon superhj\u00e4ltefilm.<\/p>\n<p>Men det g\u00e5r trots allt inte alltf\u00f6r d\u00e5lig. Hon blev nyligen Golden Globe-nominerad f\u00f6r rollen som artisten Claire Sardina i biopicen \u201dToner av k\u00e4rlek\u201d, vilket kan inneb\u00e4ra en andra Oscarsnominering. Filmen har biopremi\u00e4r p\u00e5 juldagen.<\/p>\n<p>Se henne prata om \u201dSpider-Man\u201d nedan:<\/p>\n<p>L\u00e4s ocks\u00e5: <a href=\"https:\/\/www.moviezine.se\/nyheter\/har-ar-nomineringarna-till-golden-globe-galan-2026\" title=\"De \u00e4r nominerade till Golden Globe-galan 2026 \u2013 tv\u00e5 svenskar har vinstchans!\" class=\"underline-custom !font-montserrat !font-bold !underline-offset-4 !decoration-4 !decoration-moviezine-green !text-md\" rel=\"nofollow noopener\" target=\"_blank\">De \u00e4r nominerade till Golden Globe-galan 2026 \u2013 tv\u00e5 svenskar har vinstchans!<\/a><\/p>\n<p>L\u00e4s ocks\u00e5: <a href=\"https:\/\/www.moviezine.se\/nyheter\/rykte-yelena-kommer-att-synas-i-spider-man-brand-new-day\" title=\"Rykte: Yelena kommer att synas i \u201dSpider-Man: Brand New Day\u201d\" class=\"underline-custom !font-montserrat !font-bold !underline-offset-4 !decoration-4 !decoration-moviezine-green !text-md\" rel=\"nofollow noopener\" target=\"_blank\">Rykte: Yelena kommer att synas i \u201dSpider-Man: Brand New Day\u201d<\/a><\/p>\n","protected":false},"excerpt":{"rendered":"Kirsten Dunst blev hela v\u00e4rldens Mary Jane Watson n\u00e4r hon spelade rollen i Sam Raimis \u201dSpider-Man\u201d (2002) och&hellip;\n","protected":false},"author":2,"featured_media":115938,"comment_status":"","ping_status":"","sticky":false,"template":"","format":"standard","meta":{"footnotes":""},"categories":[67],"tags":[2453,104,2903,34,12525,31,33,32,30,105],"class_list":{"0":"post-115937","1":"post","2":"type-post","3":"status-publish","4":"format-standard","5":"has-post-thumbnail","7":"category-underhallning","8":"tag-casting","9":"tag-entertainment","10":"tag-klassiker","11":"tag-se","12":"tag-spider-man","13":"tag-svenska","14":"tag-sverige","15":"tag-sweden","16":"tag-swedish","17":"tag-underhallning"},"share_on_mastodon":{"url":"https:\/\/pubeurope.com\/@se\/115775924846579250","error":""},"_links":{"self":[{"href":"https:\/\/www.europesays.com\/se\/wp-json\/wp\/v2\/posts\/115937","targetHints":{"allow":["GET"]}}],"collection":[{"href":"https:\/\/www.europesays.com\/se\/wp-json\/wp\/v2\/posts"}],"about":[{"href":"https:\/\/www.europesays.com\/se\/wp-json\/wp\/v2\/types\/post"}],"author":[{"embeddable":true,"href":"https:\/\/www.europesays.com\/se\/wp-json\/wp\/v2\/users\/2"}],"replies":[{"embeddable":true,"href":"https:\/\/www.europesays.com\/se\/wp-json\/wp\/v2\/comments?post=115937"}],"version-history":[{"count":0,"href":"https:\/\/www.europesays.com\/se\/wp-json\/wp\/v2\/posts\/115937\/revisions"}],"wp:featuredmedia":[{"embeddable":true,"href":"https:\/\/www.europesays.com\/se\/wp-json\/wp\/v2\/media\/115938"}],"wp:attachment":[{"href":"https:\/\/www.europesays.com\/se\/wp-json\/wp\/v2\/media?parent=115937"}],"wp:term":[{"taxonomy":"category","embeddable":true,"href":"https:\/\/www.europesays.com\/se\/wp-json\/wp\/v2\/categories?post=115937"},{"taxonomy":"post_tag","embeddable":true,"href":"https:\/\/www.europesays.com\/se\/wp-json\/wp\/v2\/tags?post=115937"}],"curies":[{"name":"wp","href":"https:\/\/api.w.org\/{rel}","templated":true}]}}