{"id":115939,"date":"2025-12-24T18:22:26","date_gmt":"2025-12-24T18:22:26","guid":{"rendered":"https:\/\/www.europesays.com\/se\/115939\/"},"modified":"2025-12-24T18:22:26","modified_gmt":"2025-12-24T18:22:26","slug":"trots-avradan-sa-vill-fler-fira-jul-i-thailand","status":"publish","type":"post","link":"https:\/\/www.europesays.com\/se\/115939\/","title":{"rendered":"Trots avr\u00e5dan s\u00e5 vill fler fira jul i Thailand"},"content":{"rendered":"<p>Sp\u00e4nningarna och striderna mellan Thailand och Kambodja som blossade upp igen i b\u00f6rjan p\u00e5 december har inte p\u00e5verkat svenskarnas vilja att fira jul i landet.<\/p>\n<p>Inte heller sedan UD inf\u00f6rt en reseavr\u00e5dan till delar av Thailand har intresset svalnat \u2013 tv\u00e4rtom.<\/p>\n<p>\u2013 Vi har sett en \u00f6kning p\u00e5 20 procent av bokningarna f\u00f6r sista-minuten den senaste veckan j\u00e4mf\u00f6rt med f\u00f6rra \u00e5ret, s\u00e4ger Dian Martinez Valencia p\u00e5 kommunikationschef p\u00e5 resebolaget Tui.<\/p>\n<p><strong>B\u00e5de Tui och Ving<\/strong> anordnar resor till turistorten Koh Chang, ett omr\u00e5de som omfattas av UD:s avr\u00e5dan \u2013 och resorna dit har d\u00e4rf\u00f6r st\u00e4llts in.<\/p>\n<p>\u2013 Sedan reseavr\u00e5dan inf\u00f6rdes har vi f\u00e5tt n\u00e5gra f\u00e5tal samtal fr\u00e5n oroliga kunder, men det handlade mest om att man ville orientera sig i l\u00e4get.<\/p>\n<p>De flesta ber\u00f6rda resen\u00e4rer har valt att boka om till en annan ort i Thailand.<\/p>\n<p>\u2013 Intresset f\u00f6r Thailand har inte svalnat. Och d\u00e4r skulle jag s\u00e4ga att Thailand har en liten s\u00e4rst\u00e4llning faktiskt, s\u00e4ger Claes Pellvik.<\/p>\n<p>Han j\u00e4mf\u00f6r med Gazakriget och resor till l\u00e4nder i den kringliggande regionen.<\/p>\n<p>\u2013 D\u00e5 s\u00e5g vi att efterfr\u00e5gan minskade, vi hade kunder som var oroliga och inte ville \u00e5ka. Men inte med Thailand.<\/p>\n","protected":false},"excerpt":{"rendered":"Sp\u00e4nningarna och striderna mellan Thailand och Kambodja som blossade upp igen i b\u00f6rjan p\u00e5 december har inte p\u00e5verkat&hellip;\n","protected":false},"author":2,"featured_media":115940,"comment_status":"","ping_status":"","sticky":false,"template":"","format":"standard","meta":{"footnotes":""},"categories":[14],"tags":[22,23,26,27,17,21,24,25,28,29,15,16,18,34,31,33,32,30,19,20,51,52,53,54],"class_list":{"0":"post-115939","1":"post","2":"type-post","3":"status-publish","4":"format-standard","5":"has-post-thumbnail","7":"category-varlden","8":"tag-breaking-news","9":"tag-breakingnews","10":"tag-featured-news","11":"tag-featurednews","12":"tag-headlines","13":"tag-huvudnyheter","14":"tag-latest-news","15":"tag-latestnews","16":"tag-main-news","17":"tag-mainnews","18":"tag-news","19":"tag-nyheter","20":"tag-rubriker","21":"tag-se","22":"tag-svenska","23":"tag-sverige","24":"tag-sweden","25":"tag-swedish","26":"tag-top-stories","27":"tag-topstories","28":"tag-varlden","29":"tag-world","30":"tag-world-news","31":"tag-worldnews"},"share_on_mastodon":{"url":"https:\/\/pubeurope.com\/@se\/115775939780801047","error":""},"_links":{"self":[{"href":"https:\/\/www.europesays.com\/se\/wp-json\/wp\/v2\/posts\/115939","targetHints":{"allow":["GET"]}}],"collection":[{"href":"https:\/\/www.europesays.com\/se\/wp-json\/wp\/v2\/posts"}],"about":[{"href":"https:\/\/www.europesays.com\/se\/wp-json\/wp\/v2\/types\/post"}],"author":[{"embeddable":true,"href":"https:\/\/www.europesays.com\/se\/wp-json\/wp\/v2\/users\/2"}],"replies":[{"embeddable":true,"href":"https:\/\/www.europesays.com\/se\/wp-json\/wp\/v2\/comments?post=115939"}],"version-history":[{"count":0,"href":"https:\/\/www.europesays.com\/se\/wp-json\/wp\/v2\/posts\/115939\/revisions"}],"wp:featuredmedia":[{"embeddable":true,"href":"https:\/\/www.europesays.com\/se\/wp-json\/wp\/v2\/media\/115940"}],"wp:attachment":[{"href":"https:\/\/www.europesays.com\/se\/wp-json\/wp\/v2\/media?parent=115939"}],"wp:term":[{"taxonomy":"category","embeddable":true,"href":"https:\/\/www.europesays.com\/se\/wp-json\/wp\/v2\/categories?post=115939"},{"taxonomy":"post_tag","embeddable":true,"href":"https:\/\/www.europesays.com\/se\/wp-json\/wp\/v2\/tags?post=115939"}],"curies":[{"name":"wp","href":"https:\/\/api.w.org\/{rel}","templated":true}]}}