{"id":115946,"date":"2025-12-24T18:37:15","date_gmt":"2025-12-24T18:37:15","guid":{"rendered":"https:\/\/www.europesays.com\/se\/115946\/"},"modified":"2025-12-24T18:37:15","modified_gmt":"2025-12-24T18:37:15","slug":"sa-mycket-tjanar-mariah-carey-pa-all-i-want-for-christmas-is-you","status":"publish","type":"post","link":"https:\/\/www.europesays.com\/se\/115946\/","title":{"rendered":"S\u00e5 mycket tj\u00e4nar Mariah Carey p\u00e5 \u201dAll I want for christmas is you\u201d"},"content":{"rendered":"<p>Publicerad 24 dec 2025 kl 19.00<\/p>\n<p>Det g\u00e5r ingen n\u00f6d p\u00e5 Mariah Carey \u2013 och skulle det g\u00f6ra det f\u00e5r hon en hyfsad fallsk\u00e4rm jul efter jul efter jul.<\/p>\n<p>\u00c4n i dag drar \u201dAll I want for christmas is you\u201d in m\u00e5nga miljoner till v\u00e4rldsstj\u00e4rnan.<\/p>\n<p><img   alt=\"\"\/><\/p>\n<p>\u201dAll I want for christmas is you\u201d har varit en kassako sedan releasen 1994.<\/p>\n<p>Foto: TWITTER \/ SPLASH NEWS \/ SIPAUSA TT NYHETSBYR\u00c5N<\/p>\n<p>\u00d6ppna bild i helsk\u00e4rm<\/p>\n<p>Julveckan \u00e4r h\u00e4r.<\/p>\n<p>Det betyder att vi antingen spetsar eller h\u00e5ller f\u00f6r \u00f6ronen, beroende p\u00e5 hur man \u00e4r lagd.<\/p>\n<p>F\u00f6r det inneb\u00e4r att \u201dAll I want for christmas is you\u201d spelas flitigt.<\/p>\n<p>Och Mariah Carey, 56 \u2013 som enligt flera medier <a href=\"https:\/\/www.cosmopolitan.com\/entertainment\/celebs\/a69731097\/mariah-carey-net-worth\/\" rel=\"nofollow noopener\" target=\"_blank\">\u00e4r god f\u00f6r uppskattningsvis motsvarande 3.2 miljarder kronor<\/a> \u2013 fyller p\u00e5 sitt bankkonto.<\/p>\n<p>Siffrorna g\u00e5r visserligen is\u00e4r <a href=\"https:\/\/www.cnbc.com\/2024\/12\/22\/how-much-mariah-carey-makes-from-all-i-want-for-christmas-is-you.html\" rel=\"nofollow noopener\" target=\"_blank\">men tv-kanalen CNBC skriver<\/a> att 2024 uppgav Manatt, Phelps &amp; Phillips, en juridisk expertbyr\u00e5 inom musikbranschen, att l\u00e5ten uppskattningsvis drar in motsvarande 31,5 miljoner kronor f\u00f6r Carey \u2013 varje \u00e5r.<\/p>\n<p><img loading=\"lazy\"   alt=\"\"\/><\/p>\n<p>Mariah Carey 2011, i en ny musikvideo f\u00f6r \u201dAll I want For christmas is you\u201d.<\/p>\n<p>Foto: PLANET PHOTOS \/ STELLA PICTURES<\/p>\n<p>\u00d6ppna bild i helsk\u00e4rm<\/p>\n<p>De uppskattade samtidigt att klassikern totalt har dragit in motsvarande 955 miljoner kronor i royalties \u2013 den ers\u00e4ttning till artister n\u00e4r deras musik spelas offentligt \u2013 sedan sl\u00e4ppet 1994.\u00a0<\/p>\n<p>En summa som allts\u00e5 v\u00e4xer med \u201dn\u00e5gra\u201d $-tecken varje \u00e5r.<\/p>\n<p>En kassako i \u00f6ver 30 \u00e5r<\/p>\n<p>Enligt Spotify sj\u00e4lva \u00f6kar antalet \u201dstreams\u201d med 860 procent globalt under november och december m\u00e5nad \u2013 och med \u00f6ver 1 000 procent i USA.<\/p>\n<p>L\u00e5ten har nu totalt <a href=\"https:\/\/kworb.net\/spotify\/artist\/4iHNK0tOyZPYnBU7nGAgpQ_songs.html\" rel=\"nofollow noopener\" target=\"_blank\">2,4 miljarder spelningar enbart p\u00e5 Spotify<\/a>, vilket \u00e4r rekord f\u00f6r en jull\u00e5t, och spelas \u00f6ver 20 miljoner g\u00e5nger p\u00e5 julafton.<\/p>\n<p>Ett rekord som v\u00e4ntas sl\u00e5s i \u00e5r, enligt branschanalytiker.<\/p>\n<p>Ut\u00f6ver julens pengarullning inviger <a href=\"https:\/\/www.expressen.se\/tagg\/person\/mariah-carey\/\" class=\"\" rel=\"nofollow noopener\" target=\"_blank\">Mariah Carey<\/a> vinter-OS 2026.<\/p>\n","protected":false},"excerpt":{"rendered":"Publicerad 24 dec 2025 kl 19.00 Det g\u00e5r ingen n\u00f6d p\u00e5 Mariah Carey \u2013 och skulle det g\u00f6ra&hellip;\n","protected":false},"author":2,"featured_media":115947,"comment_status":"","ping_status":"","sticky":false,"template":"","format":"standard","meta":{"footnotes":""},"categories":[67],"tags":[104,1550,2369,34,31,33,32,30,402,5969,2830,211,105],"class_list":{"0":"post-115946","1":"post","2":"type-post","3":"status-publish","4":"format-standard","5":"has-post-thumbnail","7":"category-underhallning","8":"tag-entertainment","9":"tag-organization-spotify","10":"tag-person-mariah-carey","11":"tag-se","12":"tag-svenska","13":"tag-sverige","14":"tag-sweden","15":"tag-swedish","16":"tag-topic-artister","17":"tag-topic-hogtider","18":"tag-topic-jul","19":"tag-topic-streaming","20":"tag-underhallning"},"share_on_mastodon":{"url":"https:\/\/pubeurope.com\/@se\/115775998745819039","error":""},"_links":{"self":[{"href":"https:\/\/www.europesays.com\/se\/wp-json\/wp\/v2\/posts\/115946","targetHints":{"allow":["GET"]}}],"collection":[{"href":"https:\/\/www.europesays.com\/se\/wp-json\/wp\/v2\/posts"}],"about":[{"href":"https:\/\/www.europesays.com\/se\/wp-json\/wp\/v2\/types\/post"}],"author":[{"embeddable":true,"href":"https:\/\/www.europesays.com\/se\/wp-json\/wp\/v2\/users\/2"}],"replies":[{"embeddable":true,"href":"https:\/\/www.europesays.com\/se\/wp-json\/wp\/v2\/comments?post=115946"}],"version-history":[{"count":0,"href":"https:\/\/www.europesays.com\/se\/wp-json\/wp\/v2\/posts\/115946\/revisions"}],"wp:featuredmedia":[{"embeddable":true,"href":"https:\/\/www.europesays.com\/se\/wp-json\/wp\/v2\/media\/115947"}],"wp:attachment":[{"href":"https:\/\/www.europesays.com\/se\/wp-json\/wp\/v2\/media?parent=115946"}],"wp:term":[{"taxonomy":"category","embeddable":true,"href":"https:\/\/www.europesays.com\/se\/wp-json\/wp\/v2\/categories?post=115946"},{"taxonomy":"post_tag","embeddable":true,"href":"https:\/\/www.europesays.com\/se\/wp-json\/wp\/v2\/tags?post=115946"}],"curies":[{"name":"wp","href":"https:\/\/api.w.org\/{rel}","templated":true}]}}