{"id":115948,"date":"2025-12-24T18:40:12","date_gmt":"2025-12-24T18:40:12","guid":{"rendered":"https:\/\/www.europesays.com\/se\/115948\/"},"modified":"2025-12-24T18:40:12","modified_gmt":"2025-12-24T18:40:12","slug":"har-ar-ukrainas-nya-plan-for-fred-hufvudstadsbladet","status":"publish","type":"post","link":"https:\/\/www.europesays.com\/se\/115948\/","title":{"rendered":"H\u00e4r \u00e4r Ukrainas nya plan f\u00f6r fred &#8211; Hufvudstadsbladet"},"content":{"rendered":"<ol>\n<li><a href=\"https:\/\/news.google.com\/rss\/articles\/CBMiekFVX3lxTE55R29yamVKTkJWLWhacHJFZGU2R0NaN0swT1puUHhIS01kNFdWY2JLdUh1RGxEOTFqVlRkc3E4TEZCVU4ybUp0OG9qWjNkYjFXVTk1YXltbXVoc3dKYjBmQUFyVFpVd20xbkVDTkFMMVRDNU1XcGR1RXdR?oc=5\" target=\"_blank\" rel=\"nofollow noopener\">H\u00e4r \u00e4r Ukrainas nya plan f\u00f6r fred<\/a>&nbsp;&nbsp;Hufvudstadsbladet<\/li>\n<li><a href=\"https:\/\/news.google.com\/rss\/articles\/CBMikgFBVV95cUxPam52aUp5UjdLbVM2OXpaVzlIZEluVzRIUU8tZ05zaE1fblRldHBESG9xNkZvd01IeVl3UnRTejIzTmVWSnpiZGxvMVAzWDM2YlZYd0VlV1FnUmdRRkxrVHM4OUo5d2FrVjRTMlRvNE9aRzN2VXMwaWI0WXQzclBWM3EzUVV2SV9lRWtWak43a28ydw?oc=5\" target=\"_blank\" rel=\"nofollow noopener\">Ny 20-punktsplan f\u00f6r Ukraina \u2013 inga tecken p\u00e5 n\u00e4ra fred<\/a>&nbsp;&nbsp;SVT Nyheter<\/li>\n<li><a href=\"https:\/\/news.google.com\/rss\/articles\/CBMikgFBVV95cUxNRU9DZVEzUm02YldIbEhIcnRVQ195TkpnX1pzRUZqVGVTWVRwMTNrNHc0YjhxSU0tVmgyeFlMa1BtWjJXbVBYQ1d0U3dCNFZEb2JzUFRkeC1TcnRlLTk4ekIzYndRckZwM3VBT3NDV3AzbVhOQTdIbmM1b3k0NTNyVGhpXzJXSFRVdEZ6SjlGQXphdw?oc=5\" target=\"_blank\" rel=\"nofollow noopener\">Zelenskyj presenterar ny fredsplan st\u00f6dd av USA<\/a>&nbsp;&nbsp;Aftonbladet<\/li>\n<li><a href=\"https:\/\/news.google.com\/rss\/articles\/CBMijgFBVV95cUxPb1o5WHdFOTE4cExacDAwR1FXNkRicnZkSS1HRkN2Um5zZXpubENqUkJYczBwSGI3bnRyaTM3am5FTXNyVTBQU2wtd1o0RFdIRnVJR09oSGdxWlkxVjk2M2dvWUxxNGJPLW5qX1IwT3lfbWxYaG04VmxUNmxYQWEweWRfY1U3YU04N25POHZn?oc=5\" target=\"_blank\" rel=\"nofollow noopener\">Lubna El-Shanti: En kompromiss fr\u00e5n Ukrainas sida<\/a>&nbsp;&nbsp;Sveriges Radio<\/li>\n<li><a href=\"https:\/\/news.google.com\/rss\/articles\/CBMikwFBVV95cUxNUC1IaHAxSGFNRXhmMDMxUW40ZTgtOWhHaERIRzVnSk1XNmk5cFAtNTVieHE0NDhkSzl1ZXZNd05ZemtkY2k5aG5oa0tCUTlRZW15Ykt2SXNOZHJTcVlfdXZ6RHRsUGVPMlJPVFM4QldRc0dMbmMzMUZZOGZaaW9fMGtqajY2UGlQNXBpM2lVa3RfaFE?oc=5\" target=\"_blank\" rel=\"nofollow noopener\">Avsl\u00f6jar detaljerna \u2013 i nya fredsplanen<\/a>&nbsp;&nbsp;Expressen<\/li>\n<\/ol>\n","protected":false},"excerpt":{"rendered":"H\u00e4r \u00e4r Ukrainas nya plan f\u00f6r fred&nbsp;&nbsp;Hufvudstadsbladet Ny 20-punktsplan f\u00f6r Ukraina \u2013 inga tecken p\u00e5 n\u00e4ra fred&nbsp;&nbsp;SVT Nyheter&hellip;\n","protected":false},"author":2,"featured_media":115949,"comment_status":"","ping_status":"","sticky":false,"template":"","format":"standard","meta":{"footnotes":""},"categories":[14],"tags":[22,23,26,27,17,21,24,25,28,29,15,16,18,34,31,33,32,30,19,20,51,52,53,54],"class_list":{"0":"post-115948","1":"post","2":"type-post","3":"status-publish","4":"format-standard","5":"has-post-thumbnail","7":"category-varlden","8":"tag-breaking-news","9":"tag-breakingnews","10":"tag-featured-news","11":"tag-featurednews","12":"tag-headlines","13":"tag-huvudnyheter","14":"tag-latest-news","15":"tag-latestnews","16":"tag-main-news","17":"tag-mainnews","18":"tag-news","19":"tag-nyheter","20":"tag-rubriker","21":"tag-se","22":"tag-svenska","23":"tag-sverige","24":"tag-sweden","25":"tag-swedish","26":"tag-top-stories","27":"tag-topstories","28":"tag-varlden","29":"tag-world","30":"tag-world-news","31":"tag-worldnews"},"share_on_mastodon":{"url":"https:\/\/pubeurope.com\/@se\/115776010615043419","error":""},"_links":{"self":[{"href":"https:\/\/www.europesays.com\/se\/wp-json\/wp\/v2\/posts\/115948","targetHints":{"allow":["GET"]}}],"collection":[{"href":"https:\/\/www.europesays.com\/se\/wp-json\/wp\/v2\/posts"}],"about":[{"href":"https:\/\/www.europesays.com\/se\/wp-json\/wp\/v2\/types\/post"}],"author":[{"embeddable":true,"href":"https:\/\/www.europesays.com\/se\/wp-json\/wp\/v2\/users\/2"}],"replies":[{"embeddable":true,"href":"https:\/\/www.europesays.com\/se\/wp-json\/wp\/v2\/comments?post=115948"}],"version-history":[{"count":0,"href":"https:\/\/www.europesays.com\/se\/wp-json\/wp\/v2\/posts\/115948\/revisions"}],"wp:featuredmedia":[{"embeddable":true,"href":"https:\/\/www.europesays.com\/se\/wp-json\/wp\/v2\/media\/115949"}],"wp:attachment":[{"href":"https:\/\/www.europesays.com\/se\/wp-json\/wp\/v2\/media?parent=115948"}],"wp:term":[{"taxonomy":"category","embeddable":true,"href":"https:\/\/www.europesays.com\/se\/wp-json\/wp\/v2\/categories?post=115948"},{"taxonomy":"post_tag","embeddable":true,"href":"https:\/\/www.europesays.com\/se\/wp-json\/wp\/v2\/tags?post=115948"}],"curies":[{"name":"wp","href":"https:\/\/api.w.org\/{rel}","templated":true}]}}