{"id":115956,"date":"2025-12-24T18:46:26","date_gmt":"2025-12-24T18:46:26","guid":{"rendered":"https:\/\/www.europesays.com\/se\/115956\/"},"modified":"2025-12-24T18:46:26","modified_gmt":"2025-12-24T18:46:26","slug":"kungafamiljens-julfirande-bilderna-pa-nytillskottet-kungligt","status":"publish","type":"post","link":"https:\/\/www.europesays.com\/se\/115956\/","title":{"rendered":"Kungafamiljens julfirande \u2013 bilderna p\u00e5 nytillskottet | Kungligt"},"content":{"rendered":"<p>Publicerad 24 dec 2025 kl 16.00Uppdaterad kl 19.06<\/p>\n<p>Julen firas kungligt i kungahuset.<\/p>\n<p>Kunglig julbehandling f\u00e5r nog ocks\u00e5 familjens nya b\u00e4sta v\u00e4n.<\/p>\n<p>Nytagna bilder visar \u00e4ven hur Kronprinsses-familjen tillbringade julaftonsmorgonen.\u00a0<\/p>\n<p><img   alt=\"\"\/> <\/p>\n<p>Foto: Sara Friberg\/Kungl. Hovstaterna<\/p>\n<p>\u00d6ppna bild i helsk\u00e4rm<img loading=\"lazy\"   alt=\"\"\/> <\/p>\n<p>Foto: Sara Friberg\/Kungl. Hovstaterna<\/p>\n<p>\u00d6ppna bild i helsk\u00e4rm<img loading=\"lazy\"   alt=\"\"\/> <\/p>\n<p>Foto: Sara Friberg\/Kungl. Hovstaterna<\/p>\n<p>\u00d6ppna bild i helsk\u00e4rm<img loading=\"lazy\"   alt=\"\"\/>\u00d6ppna bild i helsk\u00e4rm<\/p>\n<p>Familjemys och traditioner st\u00e5r p\u00e5 schemat f\u00f6r m\u00e5nga under jul \u2013 och s\u00e5 \u00e4ven f\u00f6r Kungafamiljen.<\/p>\n<p>I dag firar Kungafamiljen julafton privat tillsammans hos kungen och drottningen p\u00e5 <a href=\"https:\/\/www.expressen.se\/tagg\/location\/drottningholm\/\" class=\"\" rel=\"nofollow noopener\" target=\"_blank\">Drottningholm<\/a>.<\/p>\n<p>Det \u00e4r inte bara sm\u00e5 barnf\u00f6tter som kommer klappra mot slottsgolven utan \u00e4ven tassar.<\/p>\n<p>I \u00e5r har Kungafamiljen s\u00e4llskap av Bonnie, Kungaparets nya hund som blev en del av familjen tidigare i \u00e5r.<\/p>\n<p><img loading=\"lazy\"   alt=\"\"\/><\/p>\n<p>Bonnie firar sin f\u00f6rsta julafton med kungafamiljen.<\/p>\n<p>Foto: Sara Friberg\/Kungl. Hovstaterna<\/p>\n<p>\u00d6ppna bild i helsk\u00e4rm<\/p>\n<p>Bonnie \u00e4r en bayersk viltsp\u00e5rhund och kommer fr\u00e5n samma uppf\u00f6dare som storasyster Brandie, som var med Kungaparet i n\u00e4stan 11 \u00e5r.<\/p>\n<p>Hovet bekr\u00e4ftar i ett mejl till Expressen att Brandie \u201dinte l\u00e4ngre \u00e4r i livet\u201d, men vill inte kommentera bortg\u00e5ngen n\u00e4rmare \u00e4n s\u00e5.<\/p>\n<p>Kronprinsessans morgonbes\u00f6k<\/p>\n<p>Under julaftonsmorgon bes\u00f6kte kronprinsessan med familj S\u00f6dersjukhuset i Stockholm.<\/p>\n<p>De var d\u00e4r f\u00f6r att m\u00f6ta och tacka personal inom h\u00e4lso- och sjukv\u00e5rden som arbetar under julen, enligt hovet.<\/p>\n<p><img alt=\"\"\/>Ljudklippet gick inte att spela upp<\/p>\n<p>F\u00f6rs\u00f6k igen senare<\/p>\n","protected":false},"excerpt":{"rendered":"Publicerad 24 dec 2025 kl 16.00Uppdaterad kl 19.06 Julen firas kungligt i kungahuset. Kunglig julbehandling f\u00e5r nog ocks\u00e5&hellip;\n","protected":false},"author":2,"featured_media":115957,"comment_status":"","ping_status":"","sticky":false,"template":"","format":"standard","meta":{"footnotes":""},"categories":[67],"tags":[104,12526,5535,1003,34,612,31,33,32,30,5969,2830,105],"class_list":{"0":"post-115956","1":"post","2":"type-post","3":"status-publish","4":"format-standard","5":"has-post-thumbnail","7":"category-underhallning","8":"tag-entertainment","9":"tag-location-drottningholm","10":"tag-person-drottning-silvia","11":"tag-person-kung-carl-gustaf","12":"tag-se","13":"tag-sections-kungligt","14":"tag-svenska","15":"tag-sverige","16":"tag-sweden","17":"tag-swedish","18":"tag-topic-hogtider","19":"tag-topic-jul","20":"tag-underhallning"},"share_on_mastodon":{"url":"https:\/\/pubeurope.com\/@se\/115776034168858598","error":""},"_links":{"self":[{"href":"https:\/\/www.europesays.com\/se\/wp-json\/wp\/v2\/posts\/115956","targetHints":{"allow":["GET"]}}],"collection":[{"href":"https:\/\/www.europesays.com\/se\/wp-json\/wp\/v2\/posts"}],"about":[{"href":"https:\/\/www.europesays.com\/se\/wp-json\/wp\/v2\/types\/post"}],"author":[{"embeddable":true,"href":"https:\/\/www.europesays.com\/se\/wp-json\/wp\/v2\/users\/2"}],"replies":[{"embeddable":true,"href":"https:\/\/www.europesays.com\/se\/wp-json\/wp\/v2\/comments?post=115956"}],"version-history":[{"count":0,"href":"https:\/\/www.europesays.com\/se\/wp-json\/wp\/v2\/posts\/115956\/revisions"}],"wp:featuredmedia":[{"embeddable":true,"href":"https:\/\/www.europesays.com\/se\/wp-json\/wp\/v2\/media\/115957"}],"wp:attachment":[{"href":"https:\/\/www.europesays.com\/se\/wp-json\/wp\/v2\/media?parent=115956"}],"wp:term":[{"taxonomy":"category","embeddable":true,"href":"https:\/\/www.europesays.com\/se\/wp-json\/wp\/v2\/categories?post=115956"},{"taxonomy":"post_tag","embeddable":true,"href":"https:\/\/www.europesays.com\/se\/wp-json\/wp\/v2\/tags?post=115956"}],"curies":[{"name":"wp","href":"https:\/\/api.w.org\/{rel}","templated":true}]}}