{"id":115985,"date":"2025-12-24T19:31:10","date_gmt":"2025-12-24T19:31:10","guid":{"rendered":"https:\/\/www.europesays.com\/se\/115985\/"},"modified":"2025-12-24T19:31:10","modified_gmt":"2025-12-24T19:31:10","slug":"kristina-holl-pa-att-foda-i-korridoren-gick-snabbt","status":"publish","type":"post","link":"https:\/\/www.europesays.com\/se\/115985\/","title":{"rendered":"Kristina h\u00f6ll p\u00e5 att f\u00f6da i korridoren: \u201dGick snabbt\u201d"},"content":{"rendered":"<p>En av de sex julaftonsbebisar som hunnit f\u00f6das p\u00e5 BB Stockholm i dag var n\u00e4ra att m\u00f6ta v\u00e4rlden i korridoren. Det ber\u00e4ttar hennes mamma Kristina Argirova f\u00f6r Aftonbladet. <\/p>\n<p>\u2013 Det gick s\u00e5 snabbt alltihop, s\u00e4ger hon till tidningen och konstaterar att barnet inte hunnit f\u00e5 n\u00e5got namn.  <\/p>\n<p>\u2013 Vi t\u00e4nkte att vi skulle hinna prata mer om namn under f\u00f6rlossningen.  <\/p>\n<p>Julafton \u00e4r en ovanlig f\u00f6delsedag. Fler barn f\u00f6ds under v\u00e5r- och sommarm\u00e5naderna. Av dem som f\u00f6ds p\u00e5 vintern l\u00e4ggs de av f\u00f6rlossningarna som \u00e4r planerade i f\u00f6rsta hand p\u00e5 vardagar, enligt SVT V\u00e4sterbotten. <\/p>\n<p>Omni \u00e4r politiskt obundna och oberoende. Vi str\u00e4var efter att ge fler perspektiv p\u00e5 nyheterna. Har du fr\u00e5gor eller synpunkter kring v\u00e5r rapportering? <a href=\"https:\/\/omni.se\/kristina-holl-pa-att-foda-i-korridoren-gick-snabbt\/a\/mailto:redaktion@omni.se\" class=\"ArticleActions_contactLink__W2F1M\" rel=\"nofollow noopener\" target=\"_blank\">Kontakta redaktionen<\/a><\/p>\n","protected":false},"excerpt":{"rendered":"En av de sex julaftonsbebisar som hunnit f\u00f6das p\u00e5 BB Stockholm i dag var n\u00e4ra att m\u00f6ta v\u00e4rlden&hellip;\n","protected":false},"author":2,"featured_media":115986,"comment_status":"","ping_status":"","sticky":false,"template":"","format":"standard","meta":{"footnotes":""},"categories":[14],"tags":[22,23,26,27,17,21,24,25,28,29,15,16,18,34,258,127,31,33,32,30,19,20,51,52,53,54],"class_list":{"0":"post-115985","1":"post","2":"type-post","3":"status-publish","4":"format-standard","5":"has-post-thumbnail","7":"category-varlden","8":"tag-breaking-news","9":"tag-breakingnews","10":"tag-featured-news","11":"tag-featurednews","12":"tag-headlines","13":"tag-huvudnyheter","14":"tag-latest-news","15":"tag-latestnews","16":"tag-main-news","17":"tag-mainnews","18":"tag-news","19":"tag-nyheter","20":"tag-rubriker","21":"tag-se","22":"tag-stockholm","23":"tag-stockholms-lan","24":"tag-svenska","25":"tag-sverige","26":"tag-sweden","27":"tag-swedish","28":"tag-top-stories","29":"tag-topstories","30":"tag-varlden","31":"tag-world","32":"tag-world-news","33":"tag-worldnews"},"share_on_mastodon":{"url":"https:\/\/pubeurope.com\/@se\/115776211304638048","error":""},"_links":{"self":[{"href":"https:\/\/www.europesays.com\/se\/wp-json\/wp\/v2\/posts\/115985","targetHints":{"allow":["GET"]}}],"collection":[{"href":"https:\/\/www.europesays.com\/se\/wp-json\/wp\/v2\/posts"}],"about":[{"href":"https:\/\/www.europesays.com\/se\/wp-json\/wp\/v2\/types\/post"}],"author":[{"embeddable":true,"href":"https:\/\/www.europesays.com\/se\/wp-json\/wp\/v2\/users\/2"}],"replies":[{"embeddable":true,"href":"https:\/\/www.europesays.com\/se\/wp-json\/wp\/v2\/comments?post=115985"}],"version-history":[{"count":0,"href":"https:\/\/www.europesays.com\/se\/wp-json\/wp\/v2\/posts\/115985\/revisions"}],"wp:featuredmedia":[{"embeddable":true,"href":"https:\/\/www.europesays.com\/se\/wp-json\/wp\/v2\/media\/115986"}],"wp:attachment":[{"href":"https:\/\/www.europesays.com\/se\/wp-json\/wp\/v2\/media?parent=115985"}],"wp:term":[{"taxonomy":"category","embeddable":true,"href":"https:\/\/www.europesays.com\/se\/wp-json\/wp\/v2\/categories?post=115985"},{"taxonomy":"post_tag","embeddable":true,"href":"https:\/\/www.europesays.com\/se\/wp-json\/wp\/v2\/tags?post=115985"}],"curies":[{"name":"wp","href":"https:\/\/api.w.org\/{rel}","templated":true}]}}