{"id":116009,"date":"2025-12-24T21:01:13","date_gmt":"2025-12-24T21:01:13","guid":{"rendered":"https:\/\/www.europesays.com\/se\/116009\/"},"modified":"2025-12-24T21:01:13","modified_gmt":"2025-12-24T21:01:13","slug":"stranger-things-rundas-av-med-maratonavsnitt","status":"publish","type":"post","link":"https:\/\/www.europesays.com\/se\/116009\/","title":{"rendered":"\u201dStranger Things\u201d rundas av med maratonavsnitt"},"content":{"rendered":"<p>Det allra sista avsnittet av \u201dStranger Things\u201d blir en riktig l\u00e5ngk\u00f6rare, avsl\u00f6jar skaparen Ross Duffer enligt Entertainment Weekly. Netflix-succ\u00e9n avslutas p\u00e5 ny\u00e5rsnatten med ett avsnitt som \u00e4r tv\u00e5 timmar och \u00e5tta minuter l\u00e5ngt. <\/p>\n<p>Redan p\u00e5 annandagen kan tittarna se avsnitt fem, sex och sju av den nya s\u00e4songen. De \u00e4r alla drygt en timme l\u00e5nga.<\/p>\n<p>Omni \u00e4r politiskt obundna och oberoende. Vi str\u00e4var efter att ge fler perspektiv p\u00e5 nyheterna. Har du fr\u00e5gor eller synpunkter kring v\u00e5r rapportering? <a href=\"https:\/\/omni.se\/stranger-things-rundas-av-med-maratonavsnitt\/a\/mailto:redaktion@omni.se\" class=\"ArticleActions_contactLink__W2F1M\" rel=\"nofollow noopener\" target=\"_blank\">Kontakta redaktionen<\/a><\/p>\n","protected":false},"excerpt":{"rendered":"Det allra sista avsnittet av \u201dStranger Things\u201d blir en riktig l\u00e5ngk\u00f6rare, avsl\u00f6jar skaparen Ross Duffer enligt Entertainment Weekly.&hellip;\n","protected":false},"author":2,"featured_media":116010,"comment_status":"","ping_status":"","sticky":false,"template":"","format":"standard","meta":{"footnotes":""},"categories":[67],"tags":[104,168,2399,34,12528,31,33,32,30,105],"class_list":{"0":"post-116009","1":"post","2":"type-post","3":"status-publish","4":"format-standard","5":"has-post-thumbnail","7":"category-underhallning","8":"tag-entertainment","9":"tag-film-tv","10":"tag-netflix","11":"tag-se","12":"tag-stranger-things-tv-serie","13":"tag-svenska","14":"tag-sverige","15":"tag-sweden","16":"tag-swedish","17":"tag-underhallning"},"share_on_mastodon":{"url":"https:\/\/pubeurope.com\/@se\/115776565017181879","error":""},"_links":{"self":[{"href":"https:\/\/www.europesays.com\/se\/wp-json\/wp\/v2\/posts\/116009","targetHints":{"allow":["GET"]}}],"collection":[{"href":"https:\/\/www.europesays.com\/se\/wp-json\/wp\/v2\/posts"}],"about":[{"href":"https:\/\/www.europesays.com\/se\/wp-json\/wp\/v2\/types\/post"}],"author":[{"embeddable":true,"href":"https:\/\/www.europesays.com\/se\/wp-json\/wp\/v2\/users\/2"}],"replies":[{"embeddable":true,"href":"https:\/\/www.europesays.com\/se\/wp-json\/wp\/v2\/comments?post=116009"}],"version-history":[{"count":0,"href":"https:\/\/www.europesays.com\/se\/wp-json\/wp\/v2\/posts\/116009\/revisions"}],"wp:featuredmedia":[{"embeddable":true,"href":"https:\/\/www.europesays.com\/se\/wp-json\/wp\/v2\/media\/116010"}],"wp:attachment":[{"href":"https:\/\/www.europesays.com\/se\/wp-json\/wp\/v2\/media?parent=116009"}],"wp:term":[{"taxonomy":"category","embeddable":true,"href":"https:\/\/www.europesays.com\/se\/wp-json\/wp\/v2\/categories?post=116009"},{"taxonomy":"post_tag","embeddable":true,"href":"https:\/\/www.europesays.com\/se\/wp-json\/wp\/v2\/tags?post=116009"}],"curies":[{"name":"wp","href":"https:\/\/api.w.org\/{rel}","templated":true}]}}