{"id":116022,"date":"2025-12-24T21:40:12","date_gmt":"2025-12-24T21:40:12","guid":{"rendered":"https:\/\/www.europesays.com\/se\/116022\/"},"modified":"2025-12-24T21:40:12","modified_gmt":"2025-12-24T21:40:12","slug":"koldknapp-i-sibirien-ned-till-minus-55","status":"publish","type":"post","link":"https:\/\/www.europesays.com\/se\/116022\/","title":{"rendered":"K\u00f6ldkn\u00e4pp i Sibirien \u2013 ned till minus 55"},"content":{"rendered":"<p>Publicerad 24 dec 2025 kl 18.38Uppdaterad kl 22.13<\/p>\n<p>Nu sl\u00e5r kylan till \u2013 i Sibirien och andra ryska regioner.<\/p>\n<p>Temperaturer p\u00e5 mer \u00e4n tio grader under det normala v\u00e4ntas i Ural, Jakutien, Volga och flera omr\u00e5den i Ryssland, enligt ryska meteorologer.<\/p>\n<p>I Jakutsk blir det minus 55 grader i veckan.<\/p>\n<p><img   alt=\"\"\/><\/p>\n<p>Jakutsk i centrala Sibirien har temperaturer p\u00e5 under 55 minusgrader att se framemot.<\/p>\n<p>Foto: AAMOS CHAPPLE\/REX\/IBL REX FEATURES<\/p>\n<p>\u00d6ppna bild i helsk\u00e4rm<\/p>\n<p>Stora omr\u00e5den i <a href=\"https:\/\/www.expressen.se\/tagg\/location\/ryssland\/\" class=\"\" rel=\"nofollow noopener\" target=\"_blank\">Ryssland<\/a> drabbas av temperaturer l\u00e5ngt under det normala den h\u00e4r veckan. Bland de drabbade omr\u00e5dena \u00e4r Volgaregionen, Ural samt norra och sydv\u00e4stra Sibirien.\u00a0<\/p>\n<p>\u2013 I vissa omr\u00e5den v\u00e4ntas temperaturen g\u00e5 ned till minus 40. I norra Jakutsk blir det minus 55 p\u00e5 natten, s\u00e4ger Roman Vilfand, vetenskaplig chef p\u00e5 Ryska hydrometeorologiska centret, <a href=\"https:\/\/www.interfax.ru\/russia\/1064774\" rel=\"nofollow noopener\" target=\"_blank\">till Interfax.<\/a>\u00a0<\/p>\n<p>\u2013 Mycket kallt v\u00e4der v\u00e4ntas i Volgaomr\u00e5det, i norra Volga blir det 7\u201316 grader kallare \u00e4n normalt med temperaturer p\u00e5 25\u201329 grader minus n\u00e4stan \u00f6verallt. I norra Perm Krai blir det minus 40 i slutet av veckan. Ocks\u00e5 Orenburgregionen v\u00e4ntas bli kall med minus 30 grader trots att det ligger i s\u00f6dra Volgaregionen, s\u00e4ger han.<\/p>\n<p>\u201dSticker ut\u201d<\/p>\n<p>I Nordv\u00e4stra federala distriktet blir det mycket kallt under veckan. Den 24 och 25 december, v\u00e4ntas temperaturer som ligger 9\u201313 grader under det normala, ned till rund minus 35 grader. I nord\u00f6stra Komi sjunker temperaturen mot slutet av veckan och p\u00e5 m\u00e5ndag till ungef\u00e4r minus 40 grader.<\/p>\n<p>I den s\u00f6dra delen av Urals federala distrikt, \u00e4r det, enligt Roman Vilfand, \u201dinte heller s\u00e4rskilt varmt\u201d med temperaturer p\u00e5 runt 20 grader under det normala.<\/p>\n<p>I sydv\u00e4stra Sibirien, i Omsk- och Tomskregionerna, v\u00e4ntas temperaturer som ligger 8\u201315 grader under det normala, med minimiv\u00e4rden fr\u00e5n minus 30\u201337. I Irkutskregionen blir ned till minus 45 grader.<\/p>\n<p>\u2013 Det som naturligtvis sticker ut \u00e4r Fj\u00e4rran \u00f6stern, framf\u00f6r allt Jakutsk. D\u00e4r v\u00e4ntas de n\u00e4rmaste tv\u00e5 dagarna i v\u00e4stra delen minus 55 grader, s\u00e4ger Roman Vilfand.<\/p>\n","protected":false},"excerpt":{"rendered":"Publicerad 24 dec 2025 kl 18.38Uppdaterad kl 22.13 Nu sl\u00e5r kylan till \u2013 i Sibirien och andra ryska&hellip;\n","protected":false},"author":2,"featured_media":116023,"comment_status":"","ping_status":"","sticky":false,"template":"","format":"standard","meta":{"footnotes":""},"categories":[14],"tags":[22,23,26,27,17,21,24,25,274,12529,28,29,15,16,18,34,55,31,33,32,30,19,290,20,51,52,53,54],"class_list":{"0":"post-116022","1":"post","2":"type-post","3":"status-publish","4":"format-standard","5":"has-post-thumbnail","7":"category-varlden","8":"tag-breaking-news","9":"tag-breakingnews","10":"tag-featured-news","11":"tag-featurednews","12":"tag-headlines","13":"tag-huvudnyheter","14":"tag-latest-news","15":"tag-latestnews","16":"tag-location-ryssland","17":"tag-location-sibirien","18":"tag-main-news","19":"tag-mainnews","20":"tag-news","21":"tag-nyheter","22":"tag-rubriker","23":"tag-se","24":"tag-sections-varlden","25":"tag-svenska","26":"tag-sverige","27":"tag-sweden","28":"tag-swedish","29":"tag-top-stories","30":"tag-topic-vaderprognos","31":"tag-topstories","32":"tag-varlden","33":"tag-world","34":"tag-world-news","35":"tag-worldnews"},"share_on_mastodon":{"url":"https:\/\/pubeurope.com\/@se\/115776718348778026","error":""},"_links":{"self":[{"href":"https:\/\/www.europesays.com\/se\/wp-json\/wp\/v2\/posts\/116022","targetHints":{"allow":["GET"]}}],"collection":[{"href":"https:\/\/www.europesays.com\/se\/wp-json\/wp\/v2\/posts"}],"about":[{"href":"https:\/\/www.europesays.com\/se\/wp-json\/wp\/v2\/types\/post"}],"author":[{"embeddable":true,"href":"https:\/\/www.europesays.com\/se\/wp-json\/wp\/v2\/users\/2"}],"replies":[{"embeddable":true,"href":"https:\/\/www.europesays.com\/se\/wp-json\/wp\/v2\/comments?post=116022"}],"version-history":[{"count":0,"href":"https:\/\/www.europesays.com\/se\/wp-json\/wp\/v2\/posts\/116022\/revisions"}],"wp:featuredmedia":[{"embeddable":true,"href":"https:\/\/www.europesays.com\/se\/wp-json\/wp\/v2\/media\/116023"}],"wp:attachment":[{"href":"https:\/\/www.europesays.com\/se\/wp-json\/wp\/v2\/media?parent=116022"}],"wp:term":[{"taxonomy":"category","embeddable":true,"href":"https:\/\/www.europesays.com\/se\/wp-json\/wp\/v2\/categories?post=116022"},{"taxonomy":"post_tag","embeddable":true,"href":"https:\/\/www.europesays.com\/se\/wp-json\/wp\/v2\/tags?post=116022"}],"curies":[{"name":"wp","href":"https:\/\/api.w.org\/{rel}","templated":true}]}}