{"id":116025,"date":"2025-12-24T21:42:13","date_gmt":"2025-12-24T21:42:13","guid":{"rendered":"https:\/\/www.europesays.com\/se\/116025\/"},"modified":"2025-12-24T21:42:13","modified_gmt":"2025-12-24T21:42:13","slug":"siw-malmkvists-hemliga-knep-som-julvard-i-svt-sandningen","status":"publish","type":"post","link":"https:\/\/www.europesays.com\/se\/116025\/","title":{"rendered":"Siw Malmkvists hemliga knep som julv\u00e4rd i SVT-s\u00e4ndningen"},"content":{"rendered":"<p>Publicerad 24 dec 2025 kl 15.01Uppdaterad kl 16.15<\/p>\n<p>Siw Malmkvist, 88, har b\u00f6rjat sin dag som julv\u00e4rd i SVT.<\/p>\n<p>Det blir m\u00e5nga timmar i s\u00e4ndning och nu avsl\u00f6jar hon knepet f\u00f6r att kunna komma ih\u00e5g allt hon vill s\u00e4ga.<\/p>\n<p>N\u00e4r Siw Malmkvist skulle t\u00e4nda ljuset blev det dock en sk\u00e4mtsam miss.<\/p>\n<p><img loading=\"lazy\"   alt=\"\"\/><\/p>\n<p>Siw Malmkvist efter att ha t\u00e4nt ljuset.<\/p>\n<p>\u00d6ppna bild i helsk\u00e4rm<img loading=\"lazy\"   alt=\"\"\/><\/p>\n<p>Malmkviat bl\u00e5ser ut ljuset samtidigt som hon bl\u00e5ser ut t\u00e4ndstickan.<\/p>\n<p>\u00d6ppna bild i helsk\u00e4rm<img loading=\"lazy\"   alt=\"\"\/><\/p>\n<p>Malmkvist t\u00e4nde ljuset tv\u00e5 g\u00e5nger p\u00e5 raken.<\/p>\n<p>\u00d6ppna bild i helsk\u00e4rm<img loading=\"lazy\"   alt=\"\"\/><\/p>\n<p>Siw Malmkvist, 88, \u00e4r julv\u00e4rd i SVT i \u00e5r.<\/p>\n<p>\u00d6ppna bild i helsk\u00e4rm<img loading=\"lazy\"   alt=\"\"\/><\/p>\n<p>Artisten och sk\u00e5despelaren har en karri\u00e4r p\u00e5 70 \u00e5r bakom sig.<\/p>\n<p>Foto: Anders Wiklund\/TT \/ TT NYHETSBYR\u00c5N<\/p>\n<p>\u00d6ppna bild i helsk\u00e4rm<img loading=\"lazy\"   alt=\"\"\/> <\/p>\n<p>Foto: OLLE SPORRONG<\/p>\n<p>\u00d6ppna bild i helsk\u00e4rm<\/p>\n<p>Artisten och s\u00e5ngerskan <a href=\"https:\/\/www.expressen.se\/tagg\/person\/siw-malmkvist\/\" class=\"\" rel=\"nofollow noopener\" target=\"_blank\">Siw Malmkvist<\/a> har en dynamisk karri\u00e4r p\u00e5 \u00f6ver sju decennier i ryggen.\u00a0<\/p>\n<p>Hon har redan i \u00e5r f\u00e5tt en film och en dokument\u00e4r-tv-serie till\u00e4gnad sig och i dag \u00e4r hon julv\u00e4rd i SVT.<\/p>\n<p>Men n\u00e4r Malmkvist skulle t\u00e4nda det traditionsenliga ljuset strax efter klockan 15 i SVT blev det inte som vanligt.<\/p>\n<p>Orden om missen till SVT<\/p>\n<p>Samtidigt som julv\u00e4rden bl\u00e5ste ut t\u00e4ndstickan bl\u00e5ste hon \u00e4ven ut ljuset. Artisten h\u00f6ll dock t\u00e4ndstickan precis framf\u00f6r ljuset n\u00e4r hon bl\u00e5ste och det hela verkade vara med flit.<\/p>\n<p>88-\u00e5ringen fick d\u00e4refter t\u00e4nda ljuset igen.<\/p>\n<p>\u2013 Men s\u00e5dan himla tur f\u00f6r er och f\u00f6r mig f\u00f6r nu blir det ju en nyt\u00e4ndning, sa hon sk\u00e4mtsamt.<\/p>\n<p>I en intervju md SVT Nyheter kommenterar hon h\u00e4ndelsen.<\/p>\n<p>\u2013 N\u00e4r det sket sig lite grann, d\u00e5 blev jag lite nerv\u00f6s, s\u00e4ger Siw Malmkvist till <a href=\"https:\/\/www.svt.se\/nyheter\/inrikes\/har-tander-och-slacker-siw-malmkvist-ljuset-sket-sig-litegrann\" rel=\"nofollow noopener\" target=\"_blank\">SVT Nyheter<\/a> precis efter\u00e5t.<\/p>\n<p>Hemliga knepet f\u00f6r att komma ih\u00e5g<\/p>\n<p>F\u00f6r Expressen har julv\u00e4rden tidigare avsl\u00f6jat hur hon ska komma ih\u00e5g allt hon ska s\u00e4ga.<\/p>\n<p>Hon har ett litet knep.<\/p>\n<p>\u2013 Jag har faktiskt skrivit ner allt vad jag ska s\u00e4ga. Sen kanske jag l\u00e4gger till och drar ifr\u00e5n lite d\u00e5 och d\u00e5.<\/p>\n<p><strong>Du kommer ha det i ett block framf\u00f6r dig?<\/strong><\/p>\n<p>\u2013 Ja, ungef\u00e4r s\u00e5. S\u00e5 jag kan titta. Det \u00e4r klart att man vill ha det s\u00e5 man kan titta och s\u00e5: \u2018ja, visst ja, jag ska s\u00e4ga det!&#8217;<\/p>\n<p>\u2013 D\u00e5 \u00e4r det bra att ha det nedskrivet i st\u00e4llet f\u00f6r att jag ska ha allting i skallen, s\u00e4ger hon.<\/p>\n<p>Siw Malmkvist slog igenom stort 1959 n\u00e4r hon vann Melodifestivalen med \u201dAugustin\u201d och blev v\u00e4rdinna i Lennart Hylands tv-program \u201dStora famnen\u201d.<\/p>\n<p>Programmet gjorde henne till en stj\u00e4rna och artistkarri\u00e4ren fortsatte med hits som \u201dTunna skivor\u201d men ocks\u00e5 framg\u00e5ngar i bland annat Tyskland.<\/p>\n","protected":false},"excerpt":{"rendered":"Publicerad 24 dec 2025 kl 15.01Uppdaterad kl 16.15 Siw Malmkvist, 88, har b\u00f6rjat sin dag som julv\u00e4rd i&hellip;\n","protected":false},"author":2,"featured_media":116026,"comment_status":"","ping_status":"","sticky":false,"template":"","format":"standard","meta":{"footnotes":""},"categories":[5],"tags":[22,23,26,27,17,21,24,25,28,29,15,16,361,2607,18,34,31,33,32,30,19,402,5969,2830,310,1967,20],"class_list":{"0":"post-116025","1":"post","2":"type-post","3":"status-publish","4":"format-standard","5":"has-post-thumbnail","7":"category-rubriker","8":"tag-breaking-news","9":"tag-breakingnews","10":"tag-featured-news","11":"tag-featurednews","12":"tag-headlines","13":"tag-huvudnyheter","14":"tag-latest-news","15":"tag-latestnews","16":"tag-main-news","17":"tag-mainnews","18":"tag-news","19":"tag-nyheter","20":"tag-organization-svt","21":"tag-person-siw-malmkvist","22":"tag-rubriker","23":"tag-se","24":"tag-svenska","25":"tag-sverige","26":"tag-sweden","27":"tag-swedish","28":"tag-top-stories","29":"tag-topic-artister","30":"tag-topic-hogtider","31":"tag-topic-jul","32":"tag-topic-kandisar","33":"tag-topic-kandisintervju","34":"tag-topstories"},"share_on_mastodon":{"url":"https:\/\/pubeurope.com\/@se\/115776726149626844","error":""},"_links":{"self":[{"href":"https:\/\/www.europesays.com\/se\/wp-json\/wp\/v2\/posts\/116025","targetHints":{"allow":["GET"]}}],"collection":[{"href":"https:\/\/www.europesays.com\/se\/wp-json\/wp\/v2\/posts"}],"about":[{"href":"https:\/\/www.europesays.com\/se\/wp-json\/wp\/v2\/types\/post"}],"author":[{"embeddable":true,"href":"https:\/\/www.europesays.com\/se\/wp-json\/wp\/v2\/users\/2"}],"replies":[{"embeddable":true,"href":"https:\/\/www.europesays.com\/se\/wp-json\/wp\/v2\/comments?post=116025"}],"version-history":[{"count":0,"href":"https:\/\/www.europesays.com\/se\/wp-json\/wp\/v2\/posts\/116025\/revisions"}],"wp:featuredmedia":[{"embeddable":true,"href":"https:\/\/www.europesays.com\/se\/wp-json\/wp\/v2\/media\/116026"}],"wp:attachment":[{"href":"https:\/\/www.europesays.com\/se\/wp-json\/wp\/v2\/media?parent=116025"}],"wp:term":[{"taxonomy":"category","embeddable":true,"href":"https:\/\/www.europesays.com\/se\/wp-json\/wp\/v2\/categories?post=116025"},{"taxonomy":"post_tag","embeddable":true,"href":"https:\/\/www.europesays.com\/se\/wp-json\/wp\/v2\/tags?post=116025"}],"curies":[{"name":"wp","href":"https:\/\/api.w.org\/{rel}","templated":true}]}}