{"id":116030,"date":"2025-12-24T21:51:19","date_gmt":"2025-12-24T21:51:19","guid":{"rendered":"https:\/\/www.europesays.com\/se\/116030\/"},"modified":"2025-12-24T21:51:19","modified_gmt":"2025-12-24T21:51:19","slug":"njut-av-ledigheten-blir-mer-jobb-nasta-ar","status":"publish","type":"post","link":"https:\/\/www.europesays.com\/se\/116030\/","title":{"rendered":"Njut av ledigheten \u2013 blir mer jobb n\u00e4sta \u00e5r"},"content":{"rendered":"<p>share-arrowDela<\/p>\n<p>unsaveSpara<\/p>\n<p>expand-left<\/p>\n<p>helsk\u00e4rm<img decoding=\"async\" class=\"image-asset hyperion-css-u06ts1\" data-test-tag=\"image-asset\" src=\"https:\/\/www.europesays.com\/se\/wp-content\/uploads\/2025\/12\/ea745ff1-b8cc-4d23-aad1-d51b809ef389\"  alt=\"Snart nytt \u00e5r och l\u00e4ge att planera semesterdagarna. Arkivbild.\"  loading=\"eager\" fetchpriority=\"high\" style=\"aspect-ratio:1900 \/ 1267\"\/>Snart nytt \u00e5r och l\u00e4ge att planera semesterdagarna. Arkivbild. Foto: Jon Olav Nesvold\/NTB Scanpix\/TT<\/p>\n<p class=\"hyperion-css-1shl3oz\" data-test-tag=\"lead-text\">Du som \u00e4r ledig, passa p\u00e5 och njut \u2013 n\u00e4sta \u00e5r blir det fler arbetsdagar.<\/p>\n<p class=\"hyperion-css-1shl3oz\" data-test-tag=\"lead-text\">Men det g\u00e5r att planera f\u00f6r bra kl\u00e4mdagar \u00e4ven 2026.<\/p>\n<p class=\"hyperion-css-1v9qo5x\">Det g\u00e5ngna \u00e5ret hade 249 arbetsdagar f\u00f6r dem som inte jobbar skift. D\u00e5 stod alla helgdagar r\u00e4tt i f\u00f6rh\u00e5llande till l\u00f6rdagar och s\u00f6ndagar. F\u00e4rre jobbdagar \u00e4n s\u00e5 kan det inte bli.<\/p>\n<p class=\"hyperion-css-1v9qo5x\">Men under 2026 ser det s\u00e4mre ut. Nationaldagen 6 juni hamnar p\u00e5 en l\u00f6rdag och en av juldagarna ocks\u00e5 p\u00e5 en l\u00f6rdag.<\/p>\n<p class=\"hyperion-css-1v9qo5x\">F\u00f6rst ut bland 2026 \u00e5rs helgdagar \u00e4r trettondagen. Kanske f\u00f6r sent att s\u00f6ka ledigt, men annars ligger m\u00e5ndag 5 januari bra till f\u00f6r att kl\u00e4mma in en dag ledigt f\u00f6re den lediga helgdagen 6 januari.<\/p>\n<p class=\"hyperion-css-1v9qo5x\">P\u00e5sken kommer med l\u00e5ngfredagen 3 april i \u00e5r. Men de lediga helgdagarna, fredag och m\u00e5ndag, \u00e4r ju lika varje \u00e5r.<\/p>\n<p class=\"hyperion-css-1v9qo5x\">F\u00f6rsta maj landar p\u00e5 en fredag, inget f\u00f6r den som jagar kl\u00e4mdagar. Kristi himmelsf\u00e4rd ligger som vanligt p\u00e5 en torsdag, 14 maj denna g\u00e5ng. Sj\u00e4tte juni har hamnat p\u00e5 en l\u00f6rdag i \u00e5r. Men f\u00f6r de flesta l\u00f6ntagare s\u00e5 ska den lediga nationaldagen man blir bl\u00e5st p\u00e5 kompenseras med annan ledig dag via kollektivavtalet.<\/p>\n<p class=\"hyperion-css-1v9qo5x\">Efter midsommarafton, fredag 19 juni, \u00e4r det l\u00e5ngt till n\u00e4sta helglediga stund att vila upp sig p\u00e5 \u2013 jul- och ny\u00e5rshelgen 2026 som \u00e4nd\u00e5 f\u00e5r v\u00e4l godk\u00e4nt \u00e4ven n\u00e4sta \u00e5r.<\/p>\n<p class=\"hyperion-css-1v9qo5x\">Fem av de normalt lediga helgdagarna landar p\u00e5 en vardag, bara annandag jul ligger p\u00e5 en l\u00f6rdag.<\/p>\n<p class=\"hyperion-css-1v9qo5x\">S\u00e5 \u00e4ven n\u00e4sta jul \u00f6ppnar f\u00f6r l\u00e5ngledigt som inte kostar f\u00f6r mycket av semestersaldot. Med sex beg\u00e4rda ledighetsdagar slipper man undan chefen fr\u00e5n 19 december till 3 januari.<\/p>\n","protected":false},"excerpt":{"rendered":"share-arrowDela unsaveSpara expand-left helsk\u00e4rmSnart nytt \u00e5r och l\u00e4ge att planera semesterdagarna. Arkivbild. Foto: Jon Olav Nesvold\/NTB Scanpix\/TT Du&hellip;\n","protected":false},"author":2,"featured_media":116031,"comment_status":"","ping_status":"","sticky":false,"template":"","format":"standard","meta":{"footnotes":""},"categories":[5],"tags":[22,23,26,27,17,21,24,25,28,29,15,16,18,34,31,33,32,30,19,20],"class_list":{"0":"post-116030","1":"post","2":"type-post","3":"status-publish","4":"format-standard","5":"has-post-thumbnail","7":"category-rubriker","8":"tag-breaking-news","9":"tag-breakingnews","10":"tag-featured-news","11":"tag-featurednews","12":"tag-headlines","13":"tag-huvudnyheter","14":"tag-latest-news","15":"tag-latestnews","16":"tag-main-news","17":"tag-mainnews","18":"tag-news","19":"tag-nyheter","20":"tag-rubriker","21":"tag-se","22":"tag-svenska","23":"tag-sverige","24":"tag-sweden","25":"tag-swedish","26":"tag-top-stories","27":"tag-topstories"},"share_on_mastodon":{"url":"https:\/\/pubeurope.com\/@se\/115776761718509571","error":""},"_links":{"self":[{"href":"https:\/\/www.europesays.com\/se\/wp-json\/wp\/v2\/posts\/116030","targetHints":{"allow":["GET"]}}],"collection":[{"href":"https:\/\/www.europesays.com\/se\/wp-json\/wp\/v2\/posts"}],"about":[{"href":"https:\/\/www.europesays.com\/se\/wp-json\/wp\/v2\/types\/post"}],"author":[{"embeddable":true,"href":"https:\/\/www.europesays.com\/se\/wp-json\/wp\/v2\/users\/2"}],"replies":[{"embeddable":true,"href":"https:\/\/www.europesays.com\/se\/wp-json\/wp\/v2\/comments?post=116030"}],"version-history":[{"count":0,"href":"https:\/\/www.europesays.com\/se\/wp-json\/wp\/v2\/posts\/116030\/revisions"}],"wp:featuredmedia":[{"embeddable":true,"href":"https:\/\/www.europesays.com\/se\/wp-json\/wp\/v2\/media\/116031"}],"wp:attachment":[{"href":"https:\/\/www.europesays.com\/se\/wp-json\/wp\/v2\/media?parent=116030"}],"wp:term":[{"taxonomy":"category","embeddable":true,"href":"https:\/\/www.europesays.com\/se\/wp-json\/wp\/v2\/categories?post=116030"},{"taxonomy":"post_tag","embeddable":true,"href":"https:\/\/www.europesays.com\/se\/wp-json\/wp\/v2\/tags?post=116030"}],"curies":[{"name":"wp","href":"https:\/\/api.w.org\/{rel}","templated":true}]}}