{"id":116032,"date":"2025-12-24T21:53:11","date_gmt":"2025-12-24T21:53:11","guid":{"rendered":"https:\/\/www.europesays.com\/se\/116032\/"},"modified":"2025-12-24T21:53:11","modified_gmt":"2025-12-24T21:53:11","slug":"charlotte-kalla-om-att-bli-os-expert-speciellt","status":"publish","type":"post","link":"https:\/\/www.europesays.com\/se\/116032\/","title":{"rendered":"Charlotte Kalla om att bli OS-expert: \u201dSpeciellt\u201d"},"content":{"rendered":"<p>15 \u00e5r i skidsp\u00e5ret genererade en hel h\u00f6g medaljer och gjorde henne till Sveriges mest framg\u00e5ngsrika kvinnliga olympier n\u00e5gonsin. Nu f\u00f6ljer Charlotte Kalla t\u00e4vlingarna som expert i tv-soffan n\u00e4r SVT s\u00e4nder OS i Italien.<\/p>\n<p>\u2013 Det \u00e4r speciellt med tanke p\u00e5 att det \u00e4r m\u00e5nga \u00e5kare som \u00e4r kvar fr\u00e5n n\u00e4r jag lade av, s\u00e4ger hon p\u00e5 en presstr\u00e4ff. <\/p>\n<p>Omni \u00e4r politiskt obundna och oberoende. Vi str\u00e4var efter att ge fler perspektiv p\u00e5 nyheterna. Har du fr\u00e5gor eller synpunkter kring v\u00e5r rapportering? <a href=\"https:\/\/omni.se\/charlotte-kalla-om-att-bli-os-expert-speciellt\/a\/mailto:redaktion@omni.se\" class=\"ArticleActions_contactLink__W2F1M\" rel=\"nofollow noopener\" target=\"_blank\">Kontakta redaktionen<\/a><\/p>\n","protected":false},"excerpt":{"rendered":"15 \u00e5r i skidsp\u00e5ret genererade en hel h\u00f6g medaljer och gjorde henne till Sveriges mest framg\u00e5ngsrika kvinnliga olympier&hellip;\n","protected":false},"author":2,"featured_media":116033,"comment_status":"","ping_status":"","sticky":false,"template":"","format":"standard","meta":{"footnotes":""},"categories":[68],"tags":[12530,34,111,110,31,33,586,32,30],"class_list":{"0":"post-116032","1":"post","2":"type-post","3":"status-publish","4":"format-standard","5":"has-post-thumbnail","7":"category-sport","8":"tag-charlotte-kalla","9":"tag-se","10":"tag-sport","11":"tag-sports","12":"tag-svenska","13":"tag-sverige","14":"tag-svt","15":"tag-sweden","16":"tag-swedish"},"share_on_mastodon":{"url":"https:\/\/pubeurope.com\/@se\/115776769541338988","error":""},"_links":{"self":[{"href":"https:\/\/www.europesays.com\/se\/wp-json\/wp\/v2\/posts\/116032","targetHints":{"allow":["GET"]}}],"collection":[{"href":"https:\/\/www.europesays.com\/se\/wp-json\/wp\/v2\/posts"}],"about":[{"href":"https:\/\/www.europesays.com\/se\/wp-json\/wp\/v2\/types\/post"}],"author":[{"embeddable":true,"href":"https:\/\/www.europesays.com\/se\/wp-json\/wp\/v2\/users\/2"}],"replies":[{"embeddable":true,"href":"https:\/\/www.europesays.com\/se\/wp-json\/wp\/v2\/comments?post=116032"}],"version-history":[{"count":0,"href":"https:\/\/www.europesays.com\/se\/wp-json\/wp\/v2\/posts\/116032\/revisions"}],"wp:featuredmedia":[{"embeddable":true,"href":"https:\/\/www.europesays.com\/se\/wp-json\/wp\/v2\/media\/116033"}],"wp:attachment":[{"href":"https:\/\/www.europesays.com\/se\/wp-json\/wp\/v2\/media?parent=116032"}],"wp:term":[{"taxonomy":"category","embeddable":true,"href":"https:\/\/www.europesays.com\/se\/wp-json\/wp\/v2\/categories?post=116032"},{"taxonomy":"post_tag","embeddable":true,"href":"https:\/\/www.europesays.com\/se\/wp-json\/wp\/v2\/tags?post=116032"}],"curies":[{"name":"wp","href":"https:\/\/api.w.org\/{rel}","templated":true}]}}