{"id":116036,"date":"2025-12-24T21:57:22","date_gmt":"2025-12-24T21:57:22","guid":{"rendered":"https:\/\/www.europesays.com\/se\/116036\/"},"modified":"2025-12-24T21:57:22","modified_gmt":"2025-12-24T21:57:22","slug":"hd-stoppar-trumps-order-till-nationalgardet-2","status":"publish","type":"post","link":"https:\/\/www.europesays.com\/se\/116036\/","title":{"rendered":"HD stoppar Trumps order till nationalgardet"},"content":{"rendered":"<p>Beskedet fr\u00e5n HD p\u00e5 tisdagen var ett bakslag f\u00f6r president Donald Trump, som  beordrat styrkor fr\u00e5n nationalgardet att underst\u00f6dja insatser mot migranter. <\/p>\n<p>Redan tidigare har en federal distriktsdomare, April Perry, blockerat ordern att utplacera styrkor i bland annat Chicago i delstaten Illinois. En appellationsdomstol valde att inte mots\u00e4tta sig den federala domarens beslut i oktober.<\/p>\n<p>Trumpadministrationen valde d\u00e5 att v\u00e4nda sig till HD f\u00f6r en s\u00e5 kallad akut f\u00f6rfr\u00e5gan om att f\u00e5 domslutet upprivet. F\u00f6rst tv\u00e5 m\u00e5nader senare svarar HD:s domare med att inte ta upp f\u00f6rfr\u00e5gan, vilket inneb\u00e4r att den tidigare domen g\u00e4ller.<\/p>\n<p>Beslutet i Washington \u00e4r inte slutgiltigt, d\u00e5 det kan finnas andra sp\u00e5r f\u00f6r Trumpstyret att f\u00f6rs\u00f6ka f\u00e5 HD att ta upp fr\u00e5gan. Men tisdagens beslut inneb\u00e4r att s\u00e5dana f\u00f6rs\u00f6k skjuts p\u00e5 framtiden, och \u00e4r en politisk motg\u00e5ng.<\/p>\n<p>Soldater fr\u00e5n fr\u00e4mst Texas nationalgarde har tidigare kommenderats ut till Chicago f\u00f6r att uppr\u00e4tth\u00e5lla lag och ordning, enligt Trump. Chicagos borgm\u00e4stare och Illinois guvern\u00f6r, b\u00e5da demokrater, har beskrivit tilltaget som b\u00e5de farligt och olagligt.<\/p>\n","protected":false},"excerpt":{"rendered":"Beskedet fr\u00e5n HD p\u00e5 tisdagen var ett bakslag f\u00f6r president Donald Trump, som beordrat styrkor fr\u00e5n nationalgardet att&hellip;\n","protected":false},"author":2,"featured_media":116037,"comment_status":"","ping_status":"","sticky":false,"template":"","format":"standard","meta":{"footnotes":""},"categories":[14],"tags":[22,23,26,27,17,21,24,25,28,29,15,16,18,34,31,33,32,30,19,20,51,52,53,54],"class_list":{"0":"post-116036","1":"post","2":"type-post","3":"status-publish","4":"format-standard","5":"has-post-thumbnail","7":"category-varlden","8":"tag-breaking-news","9":"tag-breakingnews","10":"tag-featured-news","11":"tag-featurednews","12":"tag-headlines","13":"tag-huvudnyheter","14":"tag-latest-news","15":"tag-latestnews","16":"tag-main-news","17":"tag-mainnews","18":"tag-news","19":"tag-nyheter","20":"tag-rubriker","21":"tag-se","22":"tag-svenska","23":"tag-sverige","24":"tag-sweden","25":"tag-swedish","26":"tag-top-stories","27":"tag-topstories","28":"tag-varlden","29":"tag-world","30":"tag-world-news","31":"tag-worldnews"},"share_on_mastodon":{"url":"https:\/\/pubeurope.com\/@se\/115776785148465886","error":""},"_links":{"self":[{"href":"https:\/\/www.europesays.com\/se\/wp-json\/wp\/v2\/posts\/116036","targetHints":{"allow":["GET"]}}],"collection":[{"href":"https:\/\/www.europesays.com\/se\/wp-json\/wp\/v2\/posts"}],"about":[{"href":"https:\/\/www.europesays.com\/se\/wp-json\/wp\/v2\/types\/post"}],"author":[{"embeddable":true,"href":"https:\/\/www.europesays.com\/se\/wp-json\/wp\/v2\/users\/2"}],"replies":[{"embeddable":true,"href":"https:\/\/www.europesays.com\/se\/wp-json\/wp\/v2\/comments?post=116036"}],"version-history":[{"count":0,"href":"https:\/\/www.europesays.com\/se\/wp-json\/wp\/v2\/posts\/116036\/revisions"}],"wp:featuredmedia":[{"embeddable":true,"href":"https:\/\/www.europesays.com\/se\/wp-json\/wp\/v2\/media\/116037"}],"wp:attachment":[{"href":"https:\/\/www.europesays.com\/se\/wp-json\/wp\/v2\/media?parent=116036"}],"wp:term":[{"taxonomy":"category","embeddable":true,"href":"https:\/\/www.europesays.com\/se\/wp-json\/wp\/v2\/categories?post=116036"},{"taxonomy":"post_tag","embeddable":true,"href":"https:\/\/www.europesays.com\/se\/wp-json\/wp\/v2\/tags?post=116036"}],"curies":[{"name":"wp","href":"https:\/\/api.w.org\/{rel}","templated":true}]}}