{"id":116042,"date":"2025-12-24T22:07:33","date_gmt":"2025-12-24T22:07:33","guid":{"rendered":"https:\/\/www.europesays.com\/se\/116042\/"},"modified":"2025-12-24T22:07:33","modified_gmt":"2025-12-24T22:07:33","slug":"julsillen-hotad-hogt-fisketryck","status":"publish","type":"post","link":"https:\/\/www.europesays.com\/se\/116042\/","title":{"rendered":"Julsillen hotad \u2013 h\u00f6gt fisketryck"},"content":{"rendered":"<p>Publicerad 23 dec 2025 kl 16.00Uppdaterad 24 dec kl 11.24<\/p>\n<p>Vi vill se ett \u00d6stersj\u00f6n som lever, inte bara \u00f6verlever \u2013 ett hav som kan f\u00f6da oss i fred och f\u00f6rs\u00f6rja oss i kris, skriver M.\u00a0<\/p>\n<p><img   alt=\"\"\/> <\/p>\n<p>Foto: LEIF JACOBSSON<\/p>\n<p>\u00d6ppna bild i helsk\u00e4rm<\/p>\n<p>Detta \u00e4r en debattartikel. Det \u00e4r skribenten som st\u00e5r f\u00f6r \u00e5sikterna i texten.&#13;<br \/>\n&#13;\n<\/p>\n<p><strong>DEBATT. <\/strong>Det nalkas jul. P\u00e5 julborden st\u00e5r den inlagda sillen som f\u00f6r m\u00e5nga \u00e4r en sj\u00e4lvklarhet. Sillen, eller str\u00f6mmingen norr om Kalmar, \u00e4r dock inte lika sj\u00e4lvklar i \u00d6stersj\u00f6n. D\u00e4rf\u00f6r g\u00e5r Moderaterna fram med \u00e5tg\u00e4rder f\u00f6r att r\u00e4dda fiskbest\u00e5nden och s\u00e4kra en livskraftig svensk fiskerin\u00e4ring.<\/p>\n<p>Sillen \u00e4r en del av v\u00e5rt h\u00f6gtidsfirande, ett kulturarv som f\u00f6renar generationer och en viktig del av svensk matkultur.\u00a0<\/p>\n<p>I dag \u00e4r sillen ocks\u00e5 en symbol f\u00f6r det gemensamma ansvaret \u00f6ver havets resurser: sillens framtid best\u00e4ms av vad vi g\u00f6r f\u00f6r att v\u00e4nda utvecklingen i v\u00e5rt innanhav. F\u00f6r nu m\u00e5r det inte bra. Milj\u00f6gifter, \u00f6verg\u00f6dning och ett oh\u00e5llbart fiske har satt v\u00e5rt ekosystem ur system.<\/p>\n<p>Ge \u00d6stersj\u00f6n en chans att \u00e5terh\u00e4mta sig<\/p>\n<p>Vi lever dessutom i allvarstider. Vi m\u00e5ste st\u00e4rka svensk beredskap och livsmedelsf\u00f6rs\u00f6rjning f\u00f6r att bygga Sverige starkt. Om kriget eller krisen kommer ska vi kunna fiska fisk fr\u00e5n egna vatten. Det f\u00f6ruts\u00e4tter ett h\u00e5llbart fiske, d\u00e4r sill och str\u00f6mming serveras p\u00e5 tallrikar i st\u00e4llet f\u00f6r att malas ned till fiskmj\u00f6l. I dag anv\u00e4nds omkring 90 procent av f\u00e5ngsten till fiskmj\u00f6l som i sin tur blir till djurfoder. Det \u00e4r inte h\u00e5llbart. D\u00e4rf\u00f6r kr\u00e4vs drastiska \u00e5tg\u00e4rder f\u00f6r att ge \u00d6stersj\u00f6n en chans att \u00e5terh\u00e4mta sig.\u00a0<\/p>\n<p>Ett h\u00f6gt fisketryck har haft stor negativ p\u00e5verkan p\u00e5 \u00d6stersj\u00f6ns tillst\u00e5nd. N\u00e4r ministerr\u00e5det i oktober beslutade om fiskekvoterna f\u00f6r 2026 h\u00f6ll Sverige och <a href=\"https:\/\/www.expressen.se\/tagg\/organization\/eu-kommissionen\/\" class=\"\" rel=\"nofollow noopener\" target=\"_blank\">EU-kommissionen<\/a> en restriktiv linje med l\u00e5ga kvoter. \u00d6vriga l\u00e4nder gick emot \u2013 ett kortsiktigt beslut som riskerar att f\u00f6rv\u00e4rra en redan kritisk situation f\u00f6r arter som sill och str\u00f6mming. Regeringens nej var en tydlig markering om att s\u00e4tta \u00d6stersj\u00f6ns h\u00e4lsa f\u00f6re kortsiktiga intressen.\u00a0<\/p>\n<p><img loading=\"lazy\"   alt=\"\"\/><\/p>\n<p>\u201dVi vill se ett \u00d6stersj\u00f6n som lever, inte bara \u00f6verlever \u2013 ett hav som kan f\u00f6da oss i fred och f\u00f6rs\u00f6rja oss i kris\u201d, skriver M.<\/p>\n<p>Foto: Niklas Porter \/ DN TT NYHETSBYR\u00c5N<\/p>\n<p>\u00d6ppna bild i helsk\u00e4rm<\/p>\n<p>Utfallet i ministerr\u00e5det visar att det beh\u00f6vs en ansvarsfull fiskepolitik.\u00a0<\/p>\n<p>Moderaternas fiskepolitik f\u00f6renar milj\u00f6h\u00e4nsyn med l\u00e5ngsiktigt ansvar. Vi vill se ett stopp f\u00f6r storskalig tr\u00e5lning till fiskmj\u00f6lsindustrin, en reform av kvotsystemet f\u00f6r att st\u00e4rka det kustn\u00e4ra fisket, investeringar i svenska mottagningshamnar och beredningsindustri, l\u00e5ngsiktigt h\u00e5llbara kvoter och en ut\u00f6kad jakt p\u00e5 s\u00e4l och skarv, vars v\u00e4xande population s\u00e4tter allt st\u00f6rre press p\u00e5 fiskbest\u00e5nden. Det \u00e4r inte bara milj\u00f6politik. Det \u00e4r ocks\u00e5 landsbygdspolitik, beredskapspolitik och n\u00e4ringspolitik. Det handlar om svenska jobb, svenska skatteint\u00e4kter och svensk mat p\u00e5 svenska bord.<\/p>\n<p>R\u00e4dda fisken<\/p>\n<p>Moderaterna visar nu v\u00e4gen mot ett h\u00e5llbart och sj\u00e4lvf\u00f6rs\u00f6rjande fiske d\u00e4r svenskf\u00e5ngad fisk landas i svenska hamnar, d\u00e4r fisket sker med respekt f\u00f6r havets gr\u00e4nser och d\u00e4r kustsamh\u00e4llena \u00e5ter f\u00e5r blomstra. Vi vill se ett \u00d6stersj\u00f6n som lever, inte bara \u00f6verlever \u2013 ett hav som kan f\u00f6da oss i fred och f\u00f6rs\u00f6rja oss i kris.<\/p>\n<p>Annons<\/p>\n<p>N\u00e4r vi hugger in p\u00e5 v\u00e5r inlagda sill vid julbordet ska vi kunna g\u00f6ra det med stolthet, i visshet om att sill och str\u00f6mming \u00e4r inslag i en h\u00e5llbar framtid. Genom att s\u00e4ga nej till rovfiske, ja till ett starkare kustfiske och ja till en l\u00e5ngsiktig hush\u00e5llning med v\u00e5ra havsresurser, l\u00e4gger vi grunden f\u00f6r att v\u00e5ra barn och barnbarn ska f\u00e5 uppleva samma smaker, dofter och kulturarv som vi. Det \u00e4r en g\u00e5va som r\u00e4cker l\u00e4ngre \u00e4n till n\u00e4sta m\u00e5ltid \u2013 en investering i Sveriges framtida matf\u00f6rs\u00f6rjning, kustsamh\u00e4llen och traditioner.\u00a0<\/p>\n<p>God jul!<\/p>\n<p><strong>Av Jessica Rosencrantz (M)<\/strong><\/p>\n<p><strong>Joanna Lewerentz (M)<\/strong><\/p>\n<p>riksdagsledamot, ansvaring f\u00f6r fiskefr\u00e5gor<\/p>\n","protected":false},"excerpt":{"rendered":"Publicerad 23 dec 2025 kl 16.00Uppdaterad 24 dec kl 11.24 Vi vill se ett \u00d6stersj\u00f6n som lever, inte&hellip;\n","protected":false},"author":2,"featured_media":116043,"comment_status":"","ping_status":"","sticky":false,"template":"","format":"standard","meta":{"footnotes":""},"categories":[5],"tags":[22,23,26,27,17,21,24,25,28,29,15,16,746,9348,42,12531,18,34,31,33,32,30,19,2830,20],"class_list":{"0":"post-116042","1":"post","2":"type-post","3":"status-publish","4":"format-standard","5":"has-post-thumbnail","7":"category-rubriker","8":"tag-breaking-news","9":"tag-breakingnews","10":"tag-featured-news","11":"tag-featurednews","12":"tag-headlines","13":"tag-huvudnyheter","14":"tag-latest-news","15":"tag-latestnews","16":"tag-main-news","17":"tag-mainnews","18":"tag-news","19":"tag-nyheter","20":"tag-organization-eu","21":"tag-organization-eu-kommissionen","22":"tag-organization-moderaterna","23":"tag-person-jessica-rosencrantz","24":"tag-rubriker","25":"tag-se","26":"tag-svenska","27":"tag-sverige","28":"tag-sweden","29":"tag-swedish","30":"tag-top-stories","31":"tag-topic-jul","32":"tag-topstories"},"share_on_mastodon":{"url":"https:\/\/pubeurope.com\/@se\/115776824558211681","error":""},"_links":{"self":[{"href":"https:\/\/www.europesays.com\/se\/wp-json\/wp\/v2\/posts\/116042","targetHints":{"allow":["GET"]}}],"collection":[{"href":"https:\/\/www.europesays.com\/se\/wp-json\/wp\/v2\/posts"}],"about":[{"href":"https:\/\/www.europesays.com\/se\/wp-json\/wp\/v2\/types\/post"}],"author":[{"embeddable":true,"href":"https:\/\/www.europesays.com\/se\/wp-json\/wp\/v2\/users\/2"}],"replies":[{"embeddable":true,"href":"https:\/\/www.europesays.com\/se\/wp-json\/wp\/v2\/comments?post=116042"}],"version-history":[{"count":0,"href":"https:\/\/www.europesays.com\/se\/wp-json\/wp\/v2\/posts\/116042\/revisions"}],"wp:featuredmedia":[{"embeddable":true,"href":"https:\/\/www.europesays.com\/se\/wp-json\/wp\/v2\/media\/116043"}],"wp:attachment":[{"href":"https:\/\/www.europesays.com\/se\/wp-json\/wp\/v2\/media?parent=116042"}],"wp:term":[{"taxonomy":"category","embeddable":true,"href":"https:\/\/www.europesays.com\/se\/wp-json\/wp\/v2\/categories?post=116042"},{"taxonomy":"post_tag","embeddable":true,"href":"https:\/\/www.europesays.com\/se\/wp-json\/wp\/v2\/tags?post=116042"}],"curies":[{"name":"wp","href":"https:\/\/api.w.org\/{rel}","templated":true}]}}