{"id":116053,"date":"2025-12-24T22:32:07","date_gmt":"2025-12-24T22:32:07","guid":{"rendered":"https:\/\/www.europesays.com\/se\/116053\/"},"modified":"2025-12-24T22:32:07","modified_gmt":"2025-12-24T22:32:07","slug":"att-avvisa-fattiga-ar-att-avvisa-gud","status":"publish","type":"post","link":"https:\/\/www.europesays.com\/se\/116053\/","title":{"rendered":"Att avvisa fattiga \u00e4r att avvisa Gud"},"content":{"rendered":"<p>I sin f\u00f6rsta julpredikan som p\u00e5ve p\u00e5minner Leo XIV om att alla troende b\u00f6r hj\u00e4lpa fattiga och beh\u00f6vande, rapporterar Reuters. <\/p>\n<p>\u2013 Om det inte finns plats f\u00f6r m\u00e4nniskan s\u00e5 finns det ingen plats f\u00f6r Gud p\u00e5 jorden. Att avvisa den ene \u00e4r att avvisa den andre, s\u00e4ger han i predikan som direkts\u00e4nds av AP fr\u00e5n Peterskyrkan i Vatikanen. <\/p>\n<p>Den amerikanske p\u00e5ven har kritiserat Donald Trumps h\u00e5rda politik mot immigranter och beklagat \u201datt v\u00e4rlden inte bryr sig om barn, fattiga eller utl\u00e4nningar\u201d. <\/p>\n<p>Runt 6\u202f000 personer deltar i m\u00e4ssan inne i kyrkan och ytterligare 5\u202f000 f\u00f6ljer den p\u00e5 sk\u00e4rmar i \u00f6sregnet p\u00e5 Petersplatsen utanf\u00f6r, enligt Reuters.  <\/p>\n<p>Omni \u00e4r politiskt obundna och oberoende. Vi str\u00e4var efter att ge fler perspektiv p\u00e5 nyheterna. Har du fr\u00e5gor eller synpunkter kring v\u00e5r rapportering? <a href=\"https:\/\/omni.se\/paven-i-julpredikan-att-avvisa-fattiga-ar-att-avvisa-gud\/a\/mailto:redaktion@omni.se\" class=\"ArticleActions_contactLink__W2F1M\" rel=\"nofollow noopener\" target=\"_blank\">Kontakta redaktionen<\/a><\/p>\n","protected":false},"excerpt":{"rendered":"I sin f\u00f6rsta julpredikan som p\u00e5ve p\u00e5minner Leo XIV om att alla troende b\u00f6r hj\u00e4lpa fattiga och beh\u00f6vande,&hellip;\n","protected":false},"author":2,"featured_media":116054,"comment_status":"","ping_status":"","sticky":false,"template":"","format":"standard","meta":{"footnotes":""},"categories":[5],"tags":[22,23,385,267,26,27,17,21,692,24,25,28,29,15,268,16,2861,2335,18,34,31,33,32,30,19,20,74,2859],"class_list":{"0":"post-116053","1":"post","2":"type-post","3":"status-publish","4":"format-standard","5":"has-post-thumbnail","7":"category-rubriker","8":"tag-breaking-news","9":"tag-breakingnews","10":"tag-donald-trump","11":"tag-europa","12":"tag-featured-news","13":"tag-featurednews","14":"tag-headlines","15":"tag-huvudnyheter","16":"tag-italien","17":"tag-latest-news","18":"tag-latestnews","19":"tag-main-news","20":"tag-mainnews","21":"tag-news","22":"tag-nordamerika","23":"tag-nyheter","24":"tag-pave-leo-xiv","25":"tag-religion","26":"tag-rubriker","27":"tag-se","28":"tag-svenska","29":"tag-sverige","30":"tag-sweden","31":"tag-swedish","32":"tag-top-stories","33":"tag-topstories","34":"tag-usa","35":"tag-vatikanen"},"share_on_mastodon":{"url":"https:\/\/pubeurope.com\/@se\/115776922758858823","error":""},"_links":{"self":[{"href":"https:\/\/www.europesays.com\/se\/wp-json\/wp\/v2\/posts\/116053","targetHints":{"allow":["GET"]}}],"collection":[{"href":"https:\/\/www.europesays.com\/se\/wp-json\/wp\/v2\/posts"}],"about":[{"href":"https:\/\/www.europesays.com\/se\/wp-json\/wp\/v2\/types\/post"}],"author":[{"embeddable":true,"href":"https:\/\/www.europesays.com\/se\/wp-json\/wp\/v2\/users\/2"}],"replies":[{"embeddable":true,"href":"https:\/\/www.europesays.com\/se\/wp-json\/wp\/v2\/comments?post=116053"}],"version-history":[{"count":0,"href":"https:\/\/www.europesays.com\/se\/wp-json\/wp\/v2\/posts\/116053\/revisions"}],"wp:featuredmedia":[{"embeddable":true,"href":"https:\/\/www.europesays.com\/se\/wp-json\/wp\/v2\/media\/116054"}],"wp:attachment":[{"href":"https:\/\/www.europesays.com\/se\/wp-json\/wp\/v2\/media?parent=116053"}],"wp:term":[{"taxonomy":"category","embeddable":true,"href":"https:\/\/www.europesays.com\/se\/wp-json\/wp\/v2\/categories?post=116053"},{"taxonomy":"post_tag","embeddable":true,"href":"https:\/\/www.europesays.com\/se\/wp-json\/wp\/v2\/tags?post=116053"}],"curies":[{"name":"wp","href":"https:\/\/api.w.org\/{rel}","templated":true}]}}