{"id":116061,"date":"2025-12-24T22:43:12","date_gmt":"2025-12-24T22:43:12","guid":{"rendered":"https:\/\/www.europesays.com\/se\/116061\/"},"modified":"2025-12-24T22:43:12","modified_gmt":"2025-12-24T22:43:12","slug":"sasong-2-av-fallout-introducerade-precis-en-marvel-stjarna-men-vem-spelar-han","status":"publish","type":"post","link":"https:\/\/www.europesays.com\/se\/116061\/","title":{"rendered":"S\u00e4song 2 av &#8221;Fallout&#8221; introducerade precis en Marvel-stj\u00e4rna &#8211; men vem spelar han?"},"content":{"rendered":"<p>Den h\u00e4r artikeln inneh\u00e5ller spoilers fr\u00e5n avsnitt 2, s\u00e4song 2 av \u201dFallout\u201d. L\u00e4s p\u00e5 egen risk!<\/p>\n<p><strong>Den andra s\u00e4songen av \u201dFallout\u201d<\/strong> \u00f6nskar idag alla fans av radioaktivitet och f\u00f6rvuxna skorpionmonster god jul med ett lika intensivt som blodigt nytt avsnitt. Vi fick uppleva allt fr\u00e5n en konflikt mellan Lucy och The Ghoul till oetiska djur (och m\u00e4nnisko)experiment signerade Kyle MacLachlans Hank MacLean. Ett av avsnittets kanske viktigaste \u00f6gonblick kommer dock precis mot slutet, n\u00e4r de introducerar en ny karakt\u00e4r vid namn Harkness, spelad av ingen mindre \u00e4n <strong>Kumail Nanjiani<\/strong>. <\/p>\n<p>Nanjiani hade sin karri\u00e4rs kanske st\u00f6rsta \u00f6gonblick n\u00e4r han spelade <strong>Kingo<\/strong> i Marvels flopp <strong>\u201dEternals\u201d<\/strong> (som f\u00f6r \u00f6vrigt \u00e4r hur bra som helst och absolut v\u00e4rd betydligt fler rosor \u00e4n den fick). Nanjiani har <a href=\"https:\/\/www.moviezine.se\/nyheter\/eternals-skadis-blev-forkrossad-efter-biofloppen-jag-skrev-pa-for-6-filmer\" rel=\"nofollow noopener\" target=\"_blank\">pratat vitt och brett om hur responsen till filmen p\u00e5verkade honom<\/a>, s\u00e5 att han nu f\u00e5r chansen i en annan stor franchise \u00e4r ju kul \u2013 s\u00e4rskilt eftersom responsen p\u00e5 den andra s\u00e4songen av \u201dFallout\u201d s\u00e5h\u00e4r l\u00e5ngt varit i princip odelat positiv, vilket allts\u00e5 inte var fallet med \u201dEternals\u201d.<\/p>\n<p><img loading=\"lazy\" height=\"364\" width=\"648\" class=\"wp-image-709376 sp-no-webp perfmatters-lazy\" alt=\"\" decoding=\"async\" src=\"https:\/\/www.europesays.com\/se\/wp-content\/uploads\/2025\/12\/kumailnanjianieternals-648x364.jpg\"  data-\/> Kumail Nanjiani som Kingo i Marvelfloppen \u201dEternals\u201d.<\/p>\n<p>Ut\u00f6ver sitt inhopp i Marvels v\u00e4rld s\u00e5 \u00e4r Nanjiani \u00e4ven k\u00e4nd f\u00f6r roller i \u201dSilicon Valley\u201d, \u201dThe Big Sick\u201d och \u201dObi-Wan Kenobi\u201d. Han sade i en intervju med <a href=\"https:\/\/www.etonline.com\/media\/videos\/kumail-nanjiani-on-joining-fallout-season-2-and-just-how-heavy-the-armor-is-exclusive\" rel=\"nofollow noopener\" target=\"_blank\">Entertainment Tonight<\/a> inf\u00f6r premi\u00e4ren av den nya s\u00e4songen att han var \u201d<strong>\u00f6verlycklig att f\u00e5 vara med<\/strong>\u201d i serien, som han \u00e4r ett fan av sedan tidigare:<\/p>\n<p>\u2013 Jag var ett stort fan av serien och av spelen, jag spelar mycket. S\u00e5 n\u00e4r serien kom ut s\u00e5 t\u00e4nkte jag \u201dvi f\u00e5r se hur det blir\u201d. Och de fick verkligen till det! Det \u00e4r perfekt f\u00f6r fans av spelen men ocks\u00e5 f\u00f6r de som inte har spelat. <\/p>\n<p>Vem spelar Kumail Nanjiani i \u201dFallout\u201d?<\/p>\n<p>Nanjianis karakt\u00e4r heter <strong>Xander Harkness<\/strong> (seriens coolaste karakt\u00e4rsnamn, utan tvekan) och dyker upp precis i slutet av veckans \u201dFallout\u201d-avsnitt, d\u00e4r han hoppar av en helikopter mitt i ett m\u00f6te mellan ledarna f\u00f6r <strong>The Brotherhood of Steel<\/strong>. De planerar att dra ig\u00e5ng ett inb\u00f6rdeskrig inom den egna organisationen f\u00f6r att s\u00e4tta sig upp mot den dominerande Brotherhood-avdelningen fr\u00e5n <strong>The Commonwealth<\/strong>, ett geografiskt omr\u00e5de vi hittills inte sett i serien (det \u00e4r dock sk\u00e5deplats f\u00f6r h\u00e4ndelserna i spelet \u201dFallout 4\u201d, f\u00f6r den som \u00e4r intresserad). Harkness presenterar sig sj\u00e4lv som representant f\u00f6r Commonwealth-riddarna, och l\u00e5ter alla veta att han k\u00e4nner till den upproriska planen, innan avsnittet slutar p\u00e5 en cliffhanger. <\/p>\n<p>Huruvida Harkness blir v\u00e4n eller fiende till <strong>Maximus<\/strong> (Aaron Moten), v\u00e5r huvudkarakt\u00e4r i Brotherhood of Steel, \u00e5terst\u00e5r att se, men det faktum att Maximus st\u00f6djer kriget mot The Commonwealth, som Harkness f\u00f6r stunden representerar torde inneb\u00e4ra att de tv\u00e5 st\u00e5r p\u00e5 kollisionskurs med varandra. En sak \u00e4r iallafall s\u00e4ker: vi kommer f\u00e5 se Harkness i Brotherhood-rustningen, vilket han bekr\u00e4ftade i intervjun med ET:<\/p>\n<p>\u2013 Den \u00e4r s\u00e5 tung. Det b\u00e4sta med den \u00e4r att den ser r\u00e4tt cool ut.<\/p>\n<p>Hur konflikten inom Brotherhood of Steel utvecklas f\u00e5r vi se n\u00e4sta onsdag, n\u00e4r \u201dFallout\u201d \u00e5terv\u00e4nder med avsnitt 3. Kanske f\u00e5r vi d\u00e5 se ytterligare en k\u00e4ndis: <a href=\"https:\/\/www.moviezine.se\/nyheter\/macaulay-culkin-ansluter-till-fallout-i-sasong-2\" rel=\"nofollow noopener\" target=\"_blank\">Macaulay Culkin<\/a> ska ju dyka upp innan s\u00e4songen \u00e4r \u00f6ver. <\/p>\n<p>L\u00e4s ocks\u00e5: <a href=\"https:\/\/www.moviezine.se\/nyheter\/macaulay-culkin-ansluter-till-fallout-i-sasong-2\" title=\"Macaulay Culkin ansluter till \u201dFallout\u201d i s\u00e4song 2\" class=\"underline-custom !font-montserrat !font-bold !underline-offset-4 !decoration-4 !decoration-moviezine-green !text-md\" rel=\"nofollow noopener\" target=\"_blank\">Macaulay Culkin ansluter till \u201dFallout\u201d i s\u00e4song 2<\/a><\/p>\n<p>L\u00e4s ocks\u00e5: <a href=\"https:\/\/www.moviezine.se\/nyheter\/eternals-skadis-blev-forkrossad-efter-biofloppen-jag-skrev-pa-for-6-filmer\" title=\"\u201dEternals\u201d-sk\u00e5dis blev \u201df\u00f6rkrossad\u201d efter biofloppen: \u201dJag skrev p\u00e5 f\u00f6r 6 filmer\u201d\" class=\"underline-custom !font-montserrat !font-bold !underline-offset-4 !decoration-4 !decoration-moviezine-green !text-md\" rel=\"nofollow noopener\" target=\"_blank\">\u201dEternals\u201d-sk\u00e5dis blev \u201df\u00f6rkrossad\u201d efter biofloppen: \u201dJag skrev p\u00e5 f\u00f6r 6 filmer\u201d<\/a><\/p>\n","protected":false},"excerpt":{"rendered":"Den h\u00e4r artikeln inneh\u00e5ller spoilers fr\u00e5n avsnitt 2, s\u00e4song 2 av \u201dFallout\u201d. L\u00e4s p\u00e5 egen risk! Den andra&hellip;\n","protected":false},"author":2,"featured_media":116062,"comment_status":"","ping_status":"","sticky":false,"template":"","format":"standard","meta":{"footnotes":""},"categories":[67],"tags":[104,9084,34,31,33,32,30,105],"class_list":{"0":"post-116061","1":"post","2":"type-post","3":"status-publish","4":"format-standard","5":"has-post-thumbnail","7":"category-underhallning","8":"tag-entertainment","9":"tag-fallout","10":"tag-se","11":"tag-svenska","12":"tag-sverige","13":"tag-sweden","14":"tag-swedish","15":"tag-underhallning"},"share_on_mastodon":{"url":"https:\/\/pubeurope.com\/@se\/115776966230928927","error":""},"_links":{"self":[{"href":"https:\/\/www.europesays.com\/se\/wp-json\/wp\/v2\/posts\/116061","targetHints":{"allow":["GET"]}}],"collection":[{"href":"https:\/\/www.europesays.com\/se\/wp-json\/wp\/v2\/posts"}],"about":[{"href":"https:\/\/www.europesays.com\/se\/wp-json\/wp\/v2\/types\/post"}],"author":[{"embeddable":true,"href":"https:\/\/www.europesays.com\/se\/wp-json\/wp\/v2\/users\/2"}],"replies":[{"embeddable":true,"href":"https:\/\/www.europesays.com\/se\/wp-json\/wp\/v2\/comments?post=116061"}],"version-history":[{"count":0,"href":"https:\/\/www.europesays.com\/se\/wp-json\/wp\/v2\/posts\/116061\/revisions"}],"wp:featuredmedia":[{"embeddable":true,"href":"https:\/\/www.europesays.com\/se\/wp-json\/wp\/v2\/media\/116062"}],"wp:attachment":[{"href":"https:\/\/www.europesays.com\/se\/wp-json\/wp\/v2\/media?parent=116061"}],"wp:term":[{"taxonomy":"category","embeddable":true,"href":"https:\/\/www.europesays.com\/se\/wp-json\/wp\/v2\/categories?post=116061"},{"taxonomy":"post_tag","embeddable":true,"href":"https:\/\/www.europesays.com\/se\/wp-json\/wp\/v2\/tags?post=116061"}],"curies":[{"name":"wp","href":"https:\/\/api.w.org\/{rel}","templated":true}]}}