{"id":116063,"date":"2025-12-24T22:46:08","date_gmt":"2025-12-24T22:46:08","guid":{"rendered":"https:\/\/www.europesays.com\/se\/116063\/"},"modified":"2025-12-24T22:46:08","modified_gmt":"2025-12-24T22:46:08","slug":"dn-direkt-trumps-favorit-utropad-till-segrare-i-honduras","status":"publish","type":"post","link":"https:\/\/www.europesays.com\/se\/116063\/","title":{"rendered":"DN Direkt \u2013 Trumps favorit utropad till segrare i Honduras"},"content":{"rendered":"<p>Det \u00e4r k\u00f6pfest p\u00e5 guld, silver och koppar p\u00e5 den globala r\u00e5varumarknaden.<\/p>\n<p>Guldpriset forts\u00e4tter kl\u00e4ttra till ny rekordniv\u00e5. Under tisdagen var terminerna f\u00f6r februari uppe i 4 531 dollar per uns.<\/p>\n<p>Klockan 21.30 svensk tid hade de fallit till 4\u00a0492 dollar vilket \u00e4nd\u00e5 var en uppg\u00e5ng p\u00e5 1,1 procent j\u00e4mf\u00f6rt med m\u00e5ndagen, som ocks\u00e5 var en rekorddag f\u00f6r metallen.<\/p>\n<p>Guldet anses som en s\u00e4ker investering i oroliga tider.<\/p>\n<p>Ocks\u00e5 silver ligger andra dagen i rad p\u00e5 rekordniv\u00e5. Terminerna f\u00f6r mars l\u00e5g p\u00e5 kv\u00e4llen p\u00e5 71,28 dollar per uns \u2013 en uppg\u00e5ng med 3,2 procent mot m\u00e5ndagen.<\/p>\n<p>Vad g\u00e4ller kopparpriset l\u00e5g det i f\u00f6rmiddagshandel f\u00f6r f\u00f6rsta g\u00e5ngen \u00f6ver 12\u00a0000 dollar per ton.<\/p>\n<p>Priset hade d\u00e4rmed lyft 36 procent sedan \u00e5rsskiftet, den st\u00f6rsta \u00f6kningen i \u00e5rstakt sedan 2009.<\/p>\n<p>P\u00e5 kv\u00e4llen l\u00e5g priset p\u00e5 11 925 dollar per ton.<\/p>\n","protected":false},"excerpt":{"rendered":"Det \u00e4r k\u00f6pfest p\u00e5 guld, silver och koppar p\u00e5 den globala r\u00e5varumarknaden. Guldpriset forts\u00e4tter kl\u00e4ttra till ny rekordniv\u00e5.&hellip;\n","protected":false},"author":2,"featured_media":116064,"comment_status":"","ping_status":"","sticky":false,"template":"","format":"standard","meta":{"footnotes":""},"categories":[14],"tags":[22,23,26,27,17,21,24,25,28,29,15,16,18,34,31,33,32,30,19,20,51,52,53,54],"class_list":{"0":"post-116063","1":"post","2":"type-post","3":"status-publish","4":"format-standard","5":"has-post-thumbnail","7":"category-varlden","8":"tag-breaking-news","9":"tag-breakingnews","10":"tag-featured-news","11":"tag-featurednews","12":"tag-headlines","13":"tag-huvudnyheter","14":"tag-latest-news","15":"tag-latestnews","16":"tag-main-news","17":"tag-mainnews","18":"tag-news","19":"tag-nyheter","20":"tag-rubriker","21":"tag-se","22":"tag-svenska","23":"tag-sverige","24":"tag-sweden","25":"tag-swedish","26":"tag-top-stories","27":"tag-topstories","28":"tag-varlden","29":"tag-world","30":"tag-world-news","31":"tag-worldnews"},"share_on_mastodon":{"url":"https:\/\/pubeurope.com\/@se\/115776977840927047","error":""},"_links":{"self":[{"href":"https:\/\/www.europesays.com\/se\/wp-json\/wp\/v2\/posts\/116063","targetHints":{"allow":["GET"]}}],"collection":[{"href":"https:\/\/www.europesays.com\/se\/wp-json\/wp\/v2\/posts"}],"about":[{"href":"https:\/\/www.europesays.com\/se\/wp-json\/wp\/v2\/types\/post"}],"author":[{"embeddable":true,"href":"https:\/\/www.europesays.com\/se\/wp-json\/wp\/v2\/users\/2"}],"replies":[{"embeddable":true,"href":"https:\/\/www.europesays.com\/se\/wp-json\/wp\/v2\/comments?post=116063"}],"version-history":[{"count":0,"href":"https:\/\/www.europesays.com\/se\/wp-json\/wp\/v2\/posts\/116063\/revisions"}],"wp:featuredmedia":[{"embeddable":true,"href":"https:\/\/www.europesays.com\/se\/wp-json\/wp\/v2\/media\/116064"}],"wp:attachment":[{"href":"https:\/\/www.europesays.com\/se\/wp-json\/wp\/v2\/media?parent=116063"}],"wp:term":[{"taxonomy":"category","embeddable":true,"href":"https:\/\/www.europesays.com\/se\/wp-json\/wp\/v2\/categories?post=116063"},{"taxonomy":"post_tag","embeddable":true,"href":"https:\/\/www.europesays.com\/se\/wp-json\/wp\/v2\/tags?post=116063"}],"curies":[{"name":"wp","href":"https:\/\/api.w.org\/{rel}","templated":true}]}}