{"id":116066,"date":"2025-12-24T22:51:31","date_gmt":"2025-12-24T22:51:31","guid":{"rendered":"https:\/\/www.europesays.com\/se\/116066\/"},"modified":"2025-12-24T22:51:31","modified_gmt":"2025-12-24T22:51:31","slug":"got-skadespelaren-nikolaj-coster-waldau-vill-hitta-positiva-losningar-pa-klimatkrisen-i-ny-serie-kunskap","status":"publish","type":"post","link":"https:\/\/www.europesays.com\/se\/116066\/","title":{"rendered":"GoT-sk\u00e5despelaren Nikolaj Coster-Waldau vill hitta positiva l\u00f6sningar p\u00e5 klimatkrisen i ny serie | Kunskap"},"content":{"rendered":"<p class=\"aw-1gybjub aw-5vja16 kEtdKx kmuxyA yle__article__paragraph\">\u00c4r koldioxid\u00adneutralt flygbr\u00e4nsle, molnskydd f\u00f6r koraller eller energi som lagras i gigantiska vattentankar l\u00f6sningarna vi beh\u00f6ver f\u00f6r att tackla klimatkrisen?<\/p>\n<p><img decoding=\"async\" alt=\"En man st\u00e5r och tittar ut \u00f6ver ett arktiskt landskap.\" src=\"https:\/\/www.europesays.com\/se\/wp-content\/uploads\/2025\/12\/39-6925b0e09e141.jpeg\" class=\"aw-1l9m598 hKVVvP\"\/><\/p>\n<p>\u00d6ppna bildvisare<\/p>\n<p>Sk\u00e5despelaren Nikolaj Coster-Waldau, k\u00e4nd fr\u00e5n bland annat Game of Thrones, har sj\u00e4lv starka band till Gr\u00f6nland, men spanar efter klimatl\u00f6sningar p\u00e5 olika h\u00e5ll i v\u00e4rlden. Bild: Cineflix International Media LimitedLyssna (du h\u00f6r en artificiell r\u00f6st) 2:59<\/p>\n<p class=\"aw-1gybjub aw-1p7kakr kEtdKx cEmitX yle__article__paragraph\">\u00d6verallt i v\u00e4rlden finns det forskare som jobbar med olika tekniska l\u00f6sningar f\u00f6r att l\u00f6sa v\u00e5r tids stora \u00f6desfr\u00e5ga, n\u00e4mligen klimatkrisen.<\/p>\n<p class=\"aw-1gybjub aw-1p7kakr kEtdKx cEmitX yle__article__paragraph\">Olika projekt \u2013 som framst\u00e4llning av koldioxidneutralt flygbr\u00e4nsle, plast\u00e4tande maskar och billiga elektriska motorcyklar \u2013 \u00e4r exempel p\u00e5 tekniska l\u00f6sningar som kunde bidra till att bromsa klimatf\u00f6r\u00e4ndringen, s\u00e5 l\u00e4nge de g\u00e5r att genomf\u00f6ra i praktiken och i tillr\u00e4ckligt stor skala.<\/p>\n<p class=\"aw-1gybjub aw-1p7kakr kEtdKx cEmitX yle__article__paragraph\">I tv-serien En optimists guide till planeten (An Optimist\u2019s Guide to the Planet), som nu finns <a class=\"aw-iao6s4 iHOxEa yle__article__link\" href=\"https:\/\/arenan.yle.fi\/1-72491107\" role=\"link\" rel=\"nofollow noopener\" target=\"_blank\">p\u00e5 Yle Arenan<\/a>, f\u00f6rs\u00f6ker sk\u00e5despelaren och \u00e4ventyraren <strong class=\"aw-ak79eh KyCXm yle__article__strong\">Nikolaj Coster-Waldau<\/strong> hitta ljusa synvinklar p\u00e5 hur vi ska tackla klimatkrisen v\u00e4rlden \u00f6ver.<\/p>\n<p class=\"aw-1gybjub aw-1p7kakr kEtdKx cEmitX yle__article__paragraph\">Hans tes \u00e4r att m\u00e4nniskan alltid har uppn\u00e5tt de olika tekniska m\u00e5l hon har satt upp f\u00f6r sig. D\u00e5 borde hon ju ocks\u00e5 kunna stoppa klimatf\u00f6r\u00e4ndringen med olika tekniska l\u00f6sningar.<\/p>\n<p class=\"aw-1gybjub aw-1p7kakr kEtdKx cEmitX yle__article__paragraph\">Coster-Waldau m\u00f6ter forskare och aktivister \u00f6ver hela v\u00e4rlden och presenterar deras olika projekt.<\/p>\n<p class=\"aw-1gybjub aw-1p7kakr kEtdKx cEmitX yle__article__paragraph\">Jag har bett klimatforskare <strong class=\"aw-ak79eh KyCXm yle__article__strong\">Fredric Mosley<\/strong> p\u00e5 Finlands milj\u00f6central titta p\u00e5 serien och s\u00e4ga vad han tror om projekten.<\/p>\n<p class=\"aw-1gybjub aw-1p7kakr kEtdKx cEmitX yle__article__paragraph\">\u2013 Jag tyckte om den h\u00e4r r\u00f6da tr\u00e5den, med m\u00e4nniskor runt om i v\u00e4rlden som jobbar med l\u00f6sningar, s\u00e4ger Fredric Mosley.<\/p>\n<p><img decoding=\"async\" alt=\"En man st\u00e5r i ylletr\u00f6ja framf\u00f6r ett tr\u00e4d i en sn\u00f6ig park.\" src=\"https:\/\/www.europesays.com\/se\/wp-content\/uploads\/2025\/12\/39-156131069297cfe8695d.jpeg\" loading=\"lazy\" class=\"aw-1l9m598 hKVVvP\"\/><\/p>\n<p>\u00d6ppna bildvisare<\/p>\n<p>Fredric Mosley fr\u00e5n Finlands milj\u00f6central har tittat p\u00e5 En optimists guide till planeten. Bild: Nicolina Zilliacus-Korsstr\u00f6m \/ YleG\u00f6dslande lerv\u00e4lling<\/p>\n<p class=\"aw-1gybjub aw-1p7kakr kEtdKx cEmitX yle__article__paragraph\">Fredric Mosley ber\u00e4ttar att han specifikt tittade p\u00e5 de l\u00f6sningar i serien som handlade om inf\u00e5ngning av koldioxid och om \u00e5tervinning. Men ocks\u00e5 om g\u00f6dning.<\/p>\n<p class=\"aw-1gybjub aw-1p7kakr kEtdKx cEmitX yle__article__paragraph\">\u2013 Genast i den f\u00f6rsta delen \u00e4r Nikolaj p\u00e5 Gr\u00f6nland och han diskuterar d\u00e4r hur man kunde utnyttja olika mineraler som finns i leran. Genom att sprida ut dem p\u00e5 \u00e5krar menar de att man ska kunna f\u00f6rb\u00e4ttra jordm\u00e5nen f\u00f6r odling.<\/p>\n<p><img decoding=\"async\" alt=\"En man st\u00e5r med ryggen mot kameran och tittar ut \u00f6ver en sm\u00e4ltande glaci\u00e4r p\u00e5 Gr\u00f6nland.\" src=\"https:\/\/www.europesays.com\/se\/wp-content\/uploads\/2025\/12\/39-69297fa2ea4b4.jpeg\" loading=\"lazy\" class=\"aw-1l9m598 hKVVvP\"\/><\/p>\n<p>\u00d6ppna bildvisare<\/p>\n<p>N\u00e4r glaci\u00e4rerna p\u00e5 Gr\u00f6nland sm\u00e4lter frig\u00f6rs gigantiska m\u00e4ngder av lera och mineraler, som enligt projektet i serien kunde anv\u00e4ndas. Bild: Cineflix International Media Limited<\/p>\n<p class=\"aw-1gybjub aw-1p7kakr kEtdKx cEmitX yle__article__paragraph\">Mosley \u00e4r \u00e4nd\u00e5 lite skeptisk till hur mycket nytta man verkligen skulle f\u00e5 ut av just det h\u00e4r projektet, bland annat f\u00f6r att leran fr\u00e5n Gr\u00f6nland borde fraktas till andra delar av v\u00e4rlden f\u00f6r att komma till nytta, och redan den transporten kan \u00e4nnu i det h\u00e4r skedet vara ett problem.<\/p>\n<p>\u00c5tervinning i byggbranschen<\/p>\n<p class=\"aw-1gybjub aw-1p7kakr kEtdKx cEmitX yle__article__paragraph\">I ett annat avsnitt handlar det om att minska klimatavtrycket i byggbranschen. D\u00e5 bes\u00f6ker Nikolaj Coster-Waldau ett projekt i Berlin.<\/p>\n<p class=\"aw-1gybjub aw-1p7kakr kEtdKx cEmitX yle__article__paragraph\">\u2013 H\u00e4r tittar de p\u00e5 saker som redan g\u00f6rs. De g\u00e5r runt p\u00e5 en byggplats och tittar p\u00e5 hur man \u00e5teranv\u00e4nder material, dokumenterar vilka material som placeras var och anv\u00e4nder skruvar i st\u00e4llet f\u00f6r spik, s\u00e4ger Fredric Mosley.<\/p>\n<p class=\"aw-1gybjub aw-1p7kakr kEtdKx cEmitX yle__article__paragraph\">\u2013 I det h\u00e4r avsnittet saknar jag kanske lite mera fokus ocks\u00e5 p\u00e5 vad man kan g\u00f6ra f\u00f6r att inte alls bygga s\u00e5 mycket nytt, utan satsa mera p\u00e5 arkitektens roll i restaurering och i f\u00f6rvaltande av byggnader som redan finns, s\u00e4ger han.<\/p>\n<p class=\"aw-1gybjub aw-1p7kakr kEtdKx cEmitX yle__article__paragraph\">Fredric Mosley tyckte p\u00e5 det hela taget att det var en sympatisk tv-serie, men han har ocks\u00e5 lite kritik att framf\u00f6ra.<\/p>\n<p class=\"aw-1gybjub aw-1p7kakr kEtdKx cEmitX yle__article__paragraph\">\u2013 Jag tycker nog att Nikolaj hade kunnat st\u00e4lla lite fler kritiska fr\u00e5gor ibland, s\u00e4ger han.<\/p>\n<p><img decoding=\"async\" alt=\"\" src=\"https:\/\/www.europesays.com\/se\/wp-content\/uploads\/2025\/12\/13-1-72491107-1745399572382.jpeg\" class=\"aw-1l9m598 hKVVvP\"\/><\/p>\n","protected":false},"excerpt":{"rendered":"\u00c4r koldioxid\u00adneutralt flygbr\u00e4nsle, molnskydd f\u00f6r koraller eller energi som lagras i gigantiska vattentankar l\u00f6sningarna vi beh\u00f6ver f\u00f6r att&hellip;\n","protected":false},"author":2,"featured_media":116067,"comment_status":"","ping_status":"","sticky":false,"template":"","format":"standard","meta":{"footnotes":""},"categories":[67],"tags":[2145,104,12031,6116,3389,4775,12532,9739,34,31,33,32,30,105,4776,83],"class_list":{"0":"post-116066","1":"post","2":"type-post","3":"status-publish","4":"format-standard","5":"has-post-thumbnail","7":"category-underhallning","8":"tag-energi","9":"tag-entertainment","10":"tag-klimatet","11":"tag-klimatforandring","12":"tag-klimatpolitik","13":"tag-koldioxid","14":"tag-kunskap","15":"tag-projekt","16":"tag-se","17":"tag-svenska","18":"tag-sverige","19":"tag-sweden","20":"tag-swedish","21":"tag-underhallning","22":"tag-vaxthusgaser","23":"tag-vetenskap"},"share_on_mastodon":{"url":"https:\/\/pubeurope.com\/@se\/115776998006251509","error":""},"_links":{"self":[{"href":"https:\/\/www.europesays.com\/se\/wp-json\/wp\/v2\/posts\/116066","targetHints":{"allow":["GET"]}}],"collection":[{"href":"https:\/\/www.europesays.com\/se\/wp-json\/wp\/v2\/posts"}],"about":[{"href":"https:\/\/www.europesays.com\/se\/wp-json\/wp\/v2\/types\/post"}],"author":[{"embeddable":true,"href":"https:\/\/www.europesays.com\/se\/wp-json\/wp\/v2\/users\/2"}],"replies":[{"embeddable":true,"href":"https:\/\/www.europesays.com\/se\/wp-json\/wp\/v2\/comments?post=116066"}],"version-history":[{"count":0,"href":"https:\/\/www.europesays.com\/se\/wp-json\/wp\/v2\/posts\/116066\/revisions"}],"wp:featuredmedia":[{"embeddable":true,"href":"https:\/\/www.europesays.com\/se\/wp-json\/wp\/v2\/media\/116067"}],"wp:attachment":[{"href":"https:\/\/www.europesays.com\/se\/wp-json\/wp\/v2\/media?parent=116066"}],"wp:term":[{"taxonomy":"category","embeddable":true,"href":"https:\/\/www.europesays.com\/se\/wp-json\/wp\/v2\/categories?post=116066"},{"taxonomy":"post_tag","embeddable":true,"href":"https:\/\/www.europesays.com\/se\/wp-json\/wp\/v2\/tags?post=116066"}],"curies":[{"name":"wp","href":"https:\/\/api.w.org\/{rel}","templated":true}]}}