{"id":116068,"date":"2025-12-24T22:54:08","date_gmt":"2025-12-24T22:54:08","guid":{"rendered":"https:\/\/www.europesays.com\/se\/116068\/"},"modified":"2025-12-24T22:54:08","modified_gmt":"2025-12-24T22:54:08","slug":"trumps-favorit-nasry-asfura-utropad-till-segrare-i-honduras","status":"publish","type":"post","link":"https:\/\/www.europesays.com\/se\/116068\/","title":{"rendered":"Trumps favorit Nasry Asfura utropad till segrare i Honduras"},"content":{"rendered":"<p>Resultatet inneb\u00e4r en h\u00f6gersv\u00e4ng i ytterligare ett latinamerikanskt land, bara en vecka efter att Chile valde ultrakonservativa Jos\u00e9 Antonio Kast till ny president. <\/p>\n<p>Inf\u00f6r valet i Honduras, som \u00e4gde rum den 30 november, gick USA:s president Donald Trump ut och st\u00e4llde sig bakom Asfura, i ett aggressivt utspel mot \u201dnarko-kommunisterna\u201d. <\/p>\n<p>Samtidigt beslutade Trump n\u00e5gra dagar senare att ben\u00e5da Asfuras partikamrat, den honduranske expresidenten Juan Orlando Hern\u00e1ndez \u2013 som d\u00f6mts till ett 45-\u00e5rigt f\u00e4ngelsestraff i USA f\u00f6r inblandning i just narkotikasmuggling till USA.<\/p>\n","protected":false},"excerpt":{"rendered":"Resultatet inneb\u00e4r en h\u00f6gersv\u00e4ng i ytterligare ett latinamerikanskt land, bara en vecka efter att Chile valde ultrakonservativa Jos\u00e9&hellip;\n","protected":false},"author":2,"featured_media":116069,"comment_status":"","ping_status":"","sticky":false,"template":"","format":"standard","meta":{"footnotes":""},"categories":[14],"tags":[22,23,26,27,17,21,24,25,28,29,15,16,18,34,31,33,32,30,19,20,51,52,53,54],"class_list":{"0":"post-116068","1":"post","2":"type-post","3":"status-publish","4":"format-standard","5":"has-post-thumbnail","7":"category-varlden","8":"tag-breaking-news","9":"tag-breakingnews","10":"tag-featured-news","11":"tag-featurednews","12":"tag-headlines","13":"tag-huvudnyheter","14":"tag-latest-news","15":"tag-latestnews","16":"tag-main-news","17":"tag-mainnews","18":"tag-news","19":"tag-nyheter","20":"tag-rubriker","21":"tag-se","22":"tag-svenska","23":"tag-sverige","24":"tag-sweden","25":"tag-swedish","26":"tag-top-stories","27":"tag-topstories","28":"tag-varlden","29":"tag-world","30":"tag-world-news","31":"tag-worldnews"},"share_on_mastodon":{"url":"https:\/\/pubeurope.com\/@se\/115777009269529229","error":""},"_links":{"self":[{"href":"https:\/\/www.europesays.com\/se\/wp-json\/wp\/v2\/posts\/116068","targetHints":{"allow":["GET"]}}],"collection":[{"href":"https:\/\/www.europesays.com\/se\/wp-json\/wp\/v2\/posts"}],"about":[{"href":"https:\/\/www.europesays.com\/se\/wp-json\/wp\/v2\/types\/post"}],"author":[{"embeddable":true,"href":"https:\/\/www.europesays.com\/se\/wp-json\/wp\/v2\/users\/2"}],"replies":[{"embeddable":true,"href":"https:\/\/www.europesays.com\/se\/wp-json\/wp\/v2\/comments?post=116068"}],"version-history":[{"count":0,"href":"https:\/\/www.europesays.com\/se\/wp-json\/wp\/v2\/posts\/116068\/revisions"}],"wp:featuredmedia":[{"embeddable":true,"href":"https:\/\/www.europesays.com\/se\/wp-json\/wp\/v2\/media\/116069"}],"wp:attachment":[{"href":"https:\/\/www.europesays.com\/se\/wp-json\/wp\/v2\/media?parent=116068"}],"wp:term":[{"taxonomy":"category","embeddable":true,"href":"https:\/\/www.europesays.com\/se\/wp-json\/wp\/v2\/categories?post=116068"},{"taxonomy":"post_tag","embeddable":true,"href":"https:\/\/www.europesays.com\/se\/wp-json\/wp\/v2\/tags?post=116068"}],"curies":[{"name":"wp","href":"https:\/\/api.w.org\/{rel}","templated":true}]}}