{"id":116074,"date":"2025-12-24T23:07:58","date_gmt":"2025-12-24T23:07:58","guid":{"rendered":"https:\/\/www.europesays.com\/se\/116074\/"},"modified":"2025-12-24T23:07:58","modified_gmt":"2025-12-24T23:07:58","slug":"svts-besked-om-kalle-ankas-jul-sa-maste-du-gora-for-att-se-programmet","status":"publish","type":"post","link":"https:\/\/www.europesays.com\/se\/116074\/","title":{"rendered":"SVT:s besked om \u201cKalle Ankas jul\u201d \u2013 s\u00e5 m\u00e5ste du g\u00f6ra f\u00f6r att se programmet"},"content":{"rendered":"<p>&#13;<br \/>\n                 &#13;<br \/>\n                                                M\u00e5nga riskerar att missa julens mest nostalgiska s\u00e4ndning&#13;<br \/>\n    &#13;<\/p>\n<p class=\"content-article__preamble\">SVT:s \u00e5rliga programspecial \u201dKalle Anka och hans v\u00e4nner \u00f6nskar God Jul\u201d \u00e4r en \u00e4lskad klassiker \u2013 men det g\u00e4ller att vara p\u00e5 sin vakt f\u00f6r att kunna se den.<\/p>\n<p>&#13;<br \/>\n                                            &#13;<br \/>\n    &#13;<br \/>\n    &#13;<br \/>\n&#13;<br \/>\n    &#13;<br \/>\n    &#13;<\/p>\n<p><strong>Varje \u00e5r sitter miljontals svenskar<\/strong> b\u00e4nkade framf\u00f6r TV:n f\u00f6r att g\u00f6ra en sv\u00e5rslagen nostalgisk tripp till flera av de \u00e4lskade karakt\u00e4rerna fr\u00e5n <strong>Disneys<\/strong> stora universum. F\u00f6rutom att tittarna f\u00e5r \u00e5teruppleva roliga sketcher och varma stunder, \u00e4r det ocks\u00e5 en tradition att de f\u00e5r se sm\u00e5klipp och trailers fr\u00e5n kommande storfilmer.<\/p>\n<p><strong>L\u00c4S OCKS\u00c5:<\/strong> <a href=\"https:\/\/www.filmtopp.se\/nyhet\/svtplay-fantastiskt-drama-med-rolf-lassgard-nu-pa-svt-play-gripande-historia\" rel=\"nofollow noopener\" target=\"_blank\">Fantastiskt drama med Rolf Lassg\u00e5rd nu p\u00e5 SVT Play: \u201dGripande historia\u201d<\/a><\/p>\n<p>S\u00e4nts varje jul sedan 1960<\/p>\n<p>Kalle Ankas jul\u00a0har blivit en sj\u00e4lvklar klassiker som forts\u00e4tter att g\u00e5 hem i Sverige. I \u00e5r kommer s\u00e4ndningen att ackompanjeras av den 88-\u00e5rige julv\u00e4rden <strong>Siw Malmkvist<\/strong>, en folkk\u00e4r schlagers\u00e5ngerska och sk\u00e5despelare som genom \u00e5ren har sk\u00e4nkt mycket gl\u00e4dje \u00e5t svenska folket.\u00a0<\/p>\n<p>Programmet har s\u00e4nts varje jul sedan 1960 och sedan dess har man <a href=\"https:\/\/www.filmtopp.se\/lista\/lista-alla-andringar-i-kalle-ankas-jul\" rel=\"nofollow noopener\" target=\"_blank\">gjort en hel del \u00e4ndringar<\/a> med allt fr\u00e5n att man \u00e4ndrat de\u00a0popul\u00e4ra Disneyinslagen fr\u00e5n att vara svartvita till att ha f\u00e4rg, till att visa nedklippta versioner, delvis f\u00f6r att inneh\u00e5llet anses vara kr\u00e4nkande.\u00a0<\/p>\n<p><strong>L\u00c4S OCKS\u00c5:<\/strong>\u00a0<a href=\"https:\/\/www.filmtopp.se\/nyhet\/en-av-sveriges-mest-salda-bocker-har-blivit-film-visas-pa-bio-nu-i-veckan\" rel=\"nofollow noopener\" target=\"_blank\">En av Sveriges mest s\u00e5lda b\u00f6cker har blivit film \u2013 visas p\u00e5 bio nu i veckan<\/a><\/p>\n<p><img loading=\"lazy\" decoding=\"async\" src=\"https:\/\/www.europesays.com\/se\/wp-content\/uploads\/2025\/12\/Kalle_Ankas_Jul_03.jpg\" alt=\"SVT:s besked om \u201cKalle Ankas jul\u201d \u2013  s\u00e5 m\u00e5ste du g\u00f6ra f\u00f6r att se programmet\" width=\"900\" height=\"576\"\/>&#13;<br \/>\nFoto: Buena Vista.&#13;<\/p>\n<p>S\u00e5 m\u00e5ste tittarna g\u00f6ra f\u00f6r att se \u201dKalle Ankas jul\u201d<\/p>\n<p>Inf\u00f6r \u00e5rets s\u00e4ndning verkar det inte som om man gjort n\u00e5gra nya redigeringar av\u00a0Kalle Ankas jul, ist\u00e4llet l\u00f6per man risk att missa s\u00e4ndningen \u00f6verhuvudtaget. <a href=\"https:\/\/www.svt.se\/kontakt\/kalle-anka-pa-julafton\" target=\"_blank\" rel=\"noopener nofollow\">P\u00e5 SVT:s hemsida<\/a> skriver man dels att <strong>vissa TV-apparater inte kommer att kunna visa s\u00e4ndningen<\/strong> (framf\u00f6r allt LG-apparater fr\u00e5n 2014-2015).\u00a0<\/p>\n<p><strong>SVT ger \u00e4ven beskedet<\/strong> att tittarna m\u00e5ste se\u00a0Kalle Ankas jul live. Det kommer allts\u00e5 inte g\u00e5 att streama programmet f\u00f6re eller efter sj\u00e4lva s\u00e4ndningen. P\u00e5 sin informationssida skriver de: \u201dDet g\u00e5r inte att se p\u00e5 i efterhand p\u00e5 <a href=\"https:\/\/www.svtplay.se\/\" target=\"_blank\" rel=\"noopener nofollow\"><strong>SVT Play<\/strong><\/a>. Detta p\u00e5 grund av r\u00e4ttigheter.\u201d<\/p>\n<p>Missar man s\u00e4ndningen medan den p\u00e5g\u00e5r \u00e4r det allts\u00e5 k\u00f6rt. Vidare g\u00e5r det inte att se Kalle Ankas jul om man befinner sig utomlands, \u00e4ven det p\u00e5 grund av r\u00e4ttigheter.<\/p>\n<p>Kalle Ankas jul s\u00e4nds p\u00e5 julafton klockan 15:00-16:10 p\u00e5 <strong>SVT1<\/strong> och <strong>SVT Play<\/strong>. Planerar du och familjen att f\u00f6lja s\u00e4ndningen? D\u00e5 g\u00e4ller det att vara fullt redo inf\u00f6r n\u00e4r det v\u00e4l \u00e4r dags.<\/p>\n<p><strong>Vi p\u00e5 <a href=\"https:\/\/www.filmtopp.se\/\" rel=\"nofollow noopener\" target=\"_blank\">Filmtopp<\/a> h\u00e5ller dig med uppdaterad med stora nyheter och tips inom streaming. F\u00f6r att inte missa n\u00e5gon viktig h\u00f6jdpunkt \u2013 <a href=\"https:\/\/www.facebook.com\/filmtopp\" target=\"_blank\" rel=\"noopener nofollow\">f\u00f6lj oss p\u00e5 Facebook<\/a>.<\/strong><\/p>\n","protected":false},"excerpt":{"rendered":"&#13; &#13; M\u00e5nga riskerar att missa julens mest nostalgiska s\u00e4ndning&#13; &#13; SVT:s \u00e5rliga programspecial \u201dKalle Anka och hans&hellip;\n","protected":false},"author":2,"featured_media":116075,"comment_status":"","ping_status":"","sticky":false,"template":"","format":"standard","meta":{"footnotes":""},"categories":[67],"tags":[104,34,31,33,32,30,105],"class_list":{"0":"post-116074","1":"post","2":"type-post","3":"status-publish","4":"format-standard","5":"has-post-thumbnail","7":"category-underhallning","8":"tag-entertainment","9":"tag-se","10":"tag-svenska","11":"tag-sverige","12":"tag-sweden","13":"tag-swedish","14":"tag-underhallning"},"share_on_mastodon":{"url":"https:\/\/pubeurope.com\/@se\/115777064684997186","error":""},"_links":{"self":[{"href":"https:\/\/www.europesays.com\/se\/wp-json\/wp\/v2\/posts\/116074","targetHints":{"allow":["GET"]}}],"collection":[{"href":"https:\/\/www.europesays.com\/se\/wp-json\/wp\/v2\/posts"}],"about":[{"href":"https:\/\/www.europesays.com\/se\/wp-json\/wp\/v2\/types\/post"}],"author":[{"embeddable":true,"href":"https:\/\/www.europesays.com\/se\/wp-json\/wp\/v2\/users\/2"}],"replies":[{"embeddable":true,"href":"https:\/\/www.europesays.com\/se\/wp-json\/wp\/v2\/comments?post=116074"}],"version-history":[{"count":0,"href":"https:\/\/www.europesays.com\/se\/wp-json\/wp\/v2\/posts\/116074\/revisions"}],"wp:featuredmedia":[{"embeddable":true,"href":"https:\/\/www.europesays.com\/se\/wp-json\/wp\/v2\/media\/116075"}],"wp:attachment":[{"href":"https:\/\/www.europesays.com\/se\/wp-json\/wp\/v2\/media?parent=116074"}],"wp:term":[{"taxonomy":"category","embeddable":true,"href":"https:\/\/www.europesays.com\/se\/wp-json\/wp\/v2\/categories?post=116074"},{"taxonomy":"post_tag","embeddable":true,"href":"https:\/\/www.europesays.com\/se\/wp-json\/wp\/v2\/tags?post=116074"}],"curies":[{"name":"wp","href":"https:\/\/api.w.org\/{rel}","templated":true}]}}