{"id":116079,"date":"2025-12-24T23:56:22","date_gmt":"2025-12-24T23:56:22","guid":{"rendered":"https:\/\/www.europesays.com\/se\/116079\/"},"modified":"2025-12-24T23:56:22","modified_gmt":"2025-12-24T23:56:22","slug":"sju-doda-efter-explosion-vid-moske","status":"publish","type":"post","link":"https:\/\/www.europesays.com\/se\/116079\/","title":{"rendered":"Sju d\u00f6da efter explosion vid mosk\u00e9"},"content":{"rendered":"<p class=\"sc-c25743f0-0 sc-e37c0145-2 hObFds DQgPn\">Sju m\u00e4nniskor har d\u00f6dats i en explosion i en mosk\u00e9 i staden Maiduguri i nord\u00f6stra Nigeria, uppger en ledare f\u00f6r en antijihadistisk milis till AFP.<\/p>\n<p class=\"sc-c25743f0-0 sc-e37c0145-2 hObFds DQgPn\">Inga v\u00e4pnade grupper har i skrivande stund tagit p\u00e5 sig ansvaret f\u00f6r explosionen, som misst\u00e4nks ha utl\u00f6sts av en bomb. <\/p>\n<p class=\"sc-c25743f0-0 sc-e37c0145-2 hObFds DQgPn\">Maiduguri \u00e4r huvudstad i delstaten Borno, som l\u00e4nge drabbats av uppror fr\u00e5n jihadistgrupperna Boko Haram och deras avknoppning Iswap, \u00e4ven om staden sj\u00e4lv inte har utsatts f\u00f6r en st\u00f6rre attack p\u00e5 flera \u00e5r.<\/p>\n","protected":false},"excerpt":{"rendered":"Sju m\u00e4nniskor har d\u00f6dats i en explosion i en mosk\u00e9 i staden Maiduguri i nord\u00f6stra Nigeria, uppger en&hellip;\n","protected":false},"author":2,"featured_media":77179,"comment_status":"","ping_status":"","sticky":false,"template":"","format":"standard","meta":{"footnotes":""},"categories":[14],"tags":[22,23,26,27,17,21,24,25,28,29,15,16,18,34,31,33,32,30,19,20,51,52,53,54],"class_list":{"0":"post-116079","1":"post","2":"type-post","3":"status-publish","4":"format-standard","5":"has-post-thumbnail","7":"category-varlden","8":"tag-breaking-news","9":"tag-breakingnews","10":"tag-featured-news","11":"tag-featurednews","12":"tag-headlines","13":"tag-huvudnyheter","14":"tag-latest-news","15":"tag-latestnews","16":"tag-main-news","17":"tag-mainnews","18":"tag-news","19":"tag-nyheter","20":"tag-rubriker","21":"tag-se","22":"tag-svenska","23":"tag-sverige","24":"tag-sweden","25":"tag-swedish","26":"tag-top-stories","27":"tag-topstories","28":"tag-varlden","29":"tag-world","30":"tag-world-news","31":"tag-worldnews"},"share_on_mastodon":{"url":"https:\/\/pubeurope.com\/@se\/115777253149951927","error":""},"_links":{"self":[{"href":"https:\/\/www.europesays.com\/se\/wp-json\/wp\/v2\/posts\/116079","targetHints":{"allow":["GET"]}}],"collection":[{"href":"https:\/\/www.europesays.com\/se\/wp-json\/wp\/v2\/posts"}],"about":[{"href":"https:\/\/www.europesays.com\/se\/wp-json\/wp\/v2\/types\/post"}],"author":[{"embeddable":true,"href":"https:\/\/www.europesays.com\/se\/wp-json\/wp\/v2\/users\/2"}],"replies":[{"embeddable":true,"href":"https:\/\/www.europesays.com\/se\/wp-json\/wp\/v2\/comments?post=116079"}],"version-history":[{"count":0,"href":"https:\/\/www.europesays.com\/se\/wp-json\/wp\/v2\/posts\/116079\/revisions"}],"wp:featuredmedia":[{"embeddable":true,"href":"https:\/\/www.europesays.com\/se\/wp-json\/wp\/v2\/media\/77179"}],"wp:attachment":[{"href":"https:\/\/www.europesays.com\/se\/wp-json\/wp\/v2\/media?parent=116079"}],"wp:term":[{"taxonomy":"category","embeddable":true,"href":"https:\/\/www.europesays.com\/se\/wp-json\/wp\/v2\/categories?post=116079"},{"taxonomy":"post_tag","embeddable":true,"href":"https:\/\/www.europesays.com\/se\/wp-json\/wp\/v2\/tags?post=116079"}],"curies":[{"name":"wp","href":"https:\/\/api.w.org\/{rel}","templated":true}]}}