{"id":116094,"date":"2025-12-25T00:29:23","date_gmt":"2025-12-25T00:29:23","guid":{"rendered":"https:\/\/www.europesays.com\/se\/116094\/"},"modified":"2025-12-25T00:29:23","modified_gmt":"2025-12-25T00:29:23","slug":"stortflodsvarningar-i-kalifornien","status":"publish","type":"post","link":"https:\/\/www.europesays.com\/se\/116094\/","title":{"rendered":"St\u00f6rtflodsvarningar i Kalifornien"},"content":{"rendered":"<p><a data-test-tag=\"internal-link\" href=\"https:\/\/www.aftonbladet.se\/av\/isaac-turner\" class=\"hyperion-css-13ns1rr\" rel=\"nofollow noopener\" target=\"\" aria-label=\"Se alla artiklar av Isaac Turner\"><img decoding=\"async\" class=\"image-asset hyperion-css-n6kkq1\" data-test-tag=\"image-asset\" src=\"https:\/\/www.europesays.com\/se\/wp-content\/uploads\/2025\/12\/1766622559_834_032779bf-e638-4b03-b786-3d793914dfb9\"  alt=\"\"  loading=\"lazy\" fetchpriority=\"auto\" style=\"aspect-ratio:1900 \/ 1900\"\/><\/a><\/p>\n<p class=\"boxtextgrotesk-root_baa6 hyperion-css-7pajle\">Uppdaterad 01.09 | Publicerad 00.54<\/p>\n<p>share-arrowDela<\/p>\n<p>unsaveSpara<\/p>\n<p>expand-left<\/p>\n<p>helsk\u00e4rm<img decoding=\"async\" class=\"image-asset hyperion-css-u06ts1\" data-test-tag=\"image-asset\" src=\"https:\/\/www.europesays.com\/se\/wp-content\/uploads\/2025\/12\/d0710403-e490-43e2-abc1-0efb669747fc\"  alt=\"\"  loading=\"eager\" fetchpriority=\"high\" style=\"aspect-ratio:1900 \/ 1267\"\/> Foto: Jeff Chiu \/ AP<\/p>\n<p class=\"hyperion-css-1shl3oz\" data-test-tag=\"lead-text\">Regnet piskar ner \u00f6ver Kalifornien.<\/p>\n<p class=\"hyperion-css-1shl3oz\" data-test-tag=\"lead-text\">\u00d6versv\u00e4mningsvarningarna sprider sig.<\/p>\n<p class=\"hyperion-css-1shl3oz\" data-test-tag=\"lead-text\">Nu evakueras omr\u00e5den fr\u00e5n vad som kan bli den v\u00e4rsta julstormen p\u00e5 \u00e5r. <\/p>\n<p class=\"hyperion-css-1v9qo5x\">Julafton togs emot av kraftigt regn i s\u00f6dra <a data-test-tag=\"internal-link\" href=\"https:\/\/www.aftonbladet.se\/tagg\/kalifornien\" class=\"hyperion-css-15jkft9\" rel=\"nofollow noopener\" target=\"\" aria-label=\"Kalifornien\">Kalifornien<\/a> och delar av delstaten ligger under vatten. <\/p>\n<p class=\"hyperion-css-1v9qo5x\">P\u00e5 flera h\u00e5ll har st\u00f6rtflodvarningar utf\u00e4rdats. P\u00e5 vissa h\u00e5ll uppmanas boende att h\u00e5lla sig hemma \u2013 p\u00e5 andra tvingas de att evakuera. <\/p>\n<p class=\"hyperion-css-1v9qo5x\">Och det ser inte ut att l\u00e4tta innan julen \u00e4r \u00f6ver.<\/p>\n<p class=\"hyperion-css-1v9qo5x\">\u2013 Det h\u00e4r \u00e4r en utdragen h\u00e4ndelse. Ju l\u00e4ngre veckan g\u00e5r, desto mindre regn kommer att kr\u00e4vas f\u00f6r att konsekvenserna ska bli st\u00f6rre, s\u00e4ger Ariel Cohen, meteorolog i Oxnard till <a aria-label=\"LA Times\" class=\"default hyperion-css-15jkft9\" href=\"https:\/\/www.latimes.com\/california\/live\/christmas-eve-travel-warnings-issued-in-southern-california-as-storm-brings-risk-of-flooding-mudslides\" rel=\"noopener nofollow noreferrer\" data-test-tag=\"external-link\" target=\"_blank\">LA Times<\/a>.<\/p>\n<p>expand-left<\/p>\n<p>helsk\u00e4rm<img decoding=\"async\" class=\"image-asset hyperion-css-u06ts1\" data-test-tag=\"image-asset\" src=\"https:\/\/www.europesays.com\/se\/wp-content\/uploads\/2025\/12\/d48e8672-aa38-4add-8253-4639da275e63\"  alt=\"Mycket vatten hade \u00e4ven samlats i Santa Monica p\u00e5 julaftonen.\"  loading=\"eager\" fetchpriority=\"high\" style=\"aspect-ratio:1900 \/ 1267\"\/>Mycket vatten hade \u00e4ven samlats i Santa Monica p\u00e5 julaftonen. Foto: Wally Skalij \/ AP\u201dStanna inne\u201d<\/p>\n<p class=\"hyperion-css-1v9qo5x\">P\u00e5 vissa h\u00e5ll har regnm\u00e4ngderna varit uppemot 20 centimeter \u2013 och konsekvenserna har varit massiva. <\/p>\n<p class=\"hyperion-css-1v9qo5x\">Flera motorv\u00e4gar \u00e4r avst\u00e4ngda och evakueringsvarningar g\u00e4ller i hela <a data-test-tag=\"internal-link\" href=\"https:\/\/www.aftonbladet.se\/tagg\/san-bernardino\" class=\"hyperion-css-15jkft9\" rel=\"nofollow noopener\" target=\"\" aria-label=\"San Bernardino\">San Bernardino<\/a>-regionen. I Orange County har boende tvingats att evakuera. <\/p>\n<p class=\"hyperion-css-1v9qo5x\">\u00d6versv\u00e4mningsvarningarna som ligger \u00f6ver n\u00e4stan hela s\u00f6dra Kalifornien kommer vara kvar \u00f6ver \u00e5tminstone juldagen. <\/p>\n<p class=\"hyperion-css-1v9qo5x\">\u2013 Det kan vara b\u00e4st att stanna inomhus under det h\u00e4r ov\u00e4dret. Det \u00e4r v\u00e4ldigt mycket regn som kommer att ackumuleras under flera dagar, s\u00e4ger Ariel Cohen.<\/p>\n<p class=\"hyperion-css-1v9qo5x\">R\u00f6da korset har \u00f6ppnat flera evakueringscenter och julshoppare har tagit skydd i gallerior. <\/p>\n<p class=\"hyperion-css-1v9qo5x\">Bland annat Trini Johnson som v\u00e4grade att ta motorv\u00e4gen f\u00f6r att k\u00f6pa de sista klapparna. Hon \u00e4r r\u00e4dd att regnst\u00e4nk fr\u00e5n andra bilar ska skymma sikten \u2013 n\u00e5got hon har r\u00e5kat ut f\u00f6r tidigare. <\/p>\n<p class=\"hyperion-css-1v9qo5x\">\u2013 Jag visste inte om jag skulle bromsa eller inte. Det skr\u00e4mde livet ur mig, s\u00e4ger hon till LA Times.<\/p>\n<p>Stenras och trombvarningar<\/p>\n<p class=\"hyperion-css-1v9qo5x\">Sheriffen i San Bernardino har i flera inl\u00e4gg p\u00e5 X uppmanat boende i Wrightwood att inte ge sig ut p\u00e5 v\u00e4garna. Vattnet forsar ner l\u00e4ngs gator och sveper med sig allt i sin v\u00e4g. <\/p>\n<p class=\"hyperion-css-1v9qo5x\">Vinden har inte heller h\u00e5llit tillbaka. Under julaftonsmorgonen varnade meteorologer f\u00f6r vindbyar p\u00e5 upp till 25 meter per sekund och stor risk f\u00f6r att tr\u00e4d kunde falla.<\/p>\n<p class=\"hyperion-css-1v9qo5x\">Det beskrivs som en av de v\u00e4rsta julstormarna p\u00e5 flera \u00e5r och varningar f\u00f6r mindre tromber har utf\u00e4rdats.<\/p>\n<p class=\"hyperion-css-1v9qo5x\">Guvern\u00f6ren Gavin Newson har utlyst undantagstillst\u00e5nd i flera delar av delstaten och \u00f6ver 43 miljoner amerikaner har drabbats av \u00f6versv\u00e4mningsvarningar, skriver <a aria-label=\"ABC News\" class=\"default hyperion-css-15jkft9\" href=\"https:\/\/abcnews.go.com\/US\/flash-flood-thunderstorm-alerts-effect-california-heavy-rain\/story?id=128680080\" rel=\"noopener nofollow noreferrer\" data-test-tag=\"external-link\" target=\"_blank\">ABC News<\/a>.<\/p>\n<p class=\"hyperion-css-1v9qo5x\">\u2013 Vi agerar tidigt f\u00f6r att g\u00f6ra allt vi kan f\u00f6r att ligga steget f\u00f6re farliga vinterstormar. Delstaten har aktiverat krisbefogenheter och arbetar f\u00f6r att skydda samh\u00e4llen och h\u00e5lla Kalifornien s\u00e4kert, sade han i ett uttalande p\u00e5 onsdagen.<\/p>\n","protected":false},"excerpt":{"rendered":"Uppdaterad 01.09 | Publicerad 00.54 share-arrowDela unsaveSpara expand-left helsk\u00e4rm Foto: Jeff Chiu \/ AP Regnet piskar ner \u00f6ver&hellip;\n","protected":false},"author":2,"featured_media":116095,"comment_status":"","ping_status":"","sticky":false,"template":"","format":"standard","meta":{"footnotes":""},"categories":[14],"tags":[22,23,26,27,17,21,24,25,28,29,15,16,18,34,31,33,32,30,19,20,51,52,53,54],"class_list":{"0":"post-116094","1":"post","2":"type-post","3":"status-publish","4":"format-standard","5":"has-post-thumbnail","7":"category-varlden","8":"tag-breaking-news","9":"tag-breakingnews","10":"tag-featured-news","11":"tag-featurednews","12":"tag-headlines","13":"tag-huvudnyheter","14":"tag-latest-news","15":"tag-latestnews","16":"tag-main-news","17":"tag-mainnews","18":"tag-news","19":"tag-nyheter","20":"tag-rubriker","21":"tag-se","22":"tag-svenska","23":"tag-sverige","24":"tag-sweden","25":"tag-swedish","26":"tag-top-stories","27":"tag-topstories","28":"tag-varlden","29":"tag-world","30":"tag-world-news","31":"tag-worldnews"},"share_on_mastodon":{"url":"https:\/\/pubeurope.com\/@se\/115777383810759844","error":""},"_links":{"self":[{"href":"https:\/\/www.europesays.com\/se\/wp-json\/wp\/v2\/posts\/116094","targetHints":{"allow":["GET"]}}],"collection":[{"href":"https:\/\/www.europesays.com\/se\/wp-json\/wp\/v2\/posts"}],"about":[{"href":"https:\/\/www.europesays.com\/se\/wp-json\/wp\/v2\/types\/post"}],"author":[{"embeddable":true,"href":"https:\/\/www.europesays.com\/se\/wp-json\/wp\/v2\/users\/2"}],"replies":[{"embeddable":true,"href":"https:\/\/www.europesays.com\/se\/wp-json\/wp\/v2\/comments?post=116094"}],"version-history":[{"count":0,"href":"https:\/\/www.europesays.com\/se\/wp-json\/wp\/v2\/posts\/116094\/revisions"}],"wp:featuredmedia":[{"embeddable":true,"href":"https:\/\/www.europesays.com\/se\/wp-json\/wp\/v2\/media\/116095"}],"wp:attachment":[{"href":"https:\/\/www.europesays.com\/se\/wp-json\/wp\/v2\/media?parent=116094"}],"wp:term":[{"taxonomy":"category","embeddable":true,"href":"https:\/\/www.europesays.com\/se\/wp-json\/wp\/v2\/categories?post=116094"},{"taxonomy":"post_tag","embeddable":true,"href":"https:\/\/www.europesays.com\/se\/wp-json\/wp\/v2\/tags?post=116094"}],"curies":[{"name":"wp","href":"https:\/\/api.w.org\/{rel}","templated":true}]}}