{"id":116119,"date":"2025-12-25T02:32:22","date_gmt":"2025-12-25T02:32:22","guid":{"rendered":"https:\/\/www.europesays.com\/se\/116119\/"},"modified":"2025-12-25T02:32:22","modified_gmt":"2025-12-25T02:32:22","slug":"stabil-spanning-men-svagare-an-sist","status":"publish","type":"post","link":"https:\/\/www.europesays.com\/se\/116119\/","title":{"rendered":"Stabil sp\u00e4nning \u2013 men svagare \u00e4n sist"},"content":{"rendered":"<p>Nya kalla sk\u00e5nska fall i forts\u00e4ttningen p\u00e5 \u201dSanningen\u201d<a data-test-tag=\"internal-link\" href=\"https:\/\/www.aftonbladet.se\/av\/karolina-fjellborg\" class=\"hyperion-css-13ns1rr\" rel=\"nofollow noopener\" target=\"\" aria-label=\"Se alla artiklar av Karolina Fjellborg\"><img decoding=\"async\" class=\"image-asset hyperion-css-n6kkq1\" data-test-tag=\"image-asset\" src=\"https:\/\/www.europesays.com\/se\/wp-content\/uploads\/2025\/12\/1766629941_687_5bae80a7-5bfd-45a8-a095-737841e5e31b\"  alt=\"\"  loading=\"lazy\" fetchpriority=\"auto\" style=\"aspect-ratio:1900 \/ 1900\"\/><\/a><\/p>\n<p class=\"boxtextgrotesk-root_baa6 hyperion-css-7pajle\">Publicerad 2025-12-24 18.00<\/p>\n<p>share-arrowDela<\/p>\n<p>unsaveSpara<\/p>\n<p>expand-left<\/p>\n<p>helsk\u00e4rm<img decoding=\"async\" class=\"image-asset hyperion-css-u06ts1\" data-test-tag=\"image-asset\" src=\"https:\/\/www.europesays.com\/se\/wp-content\/uploads\/2025\/12\/8d87b229-faff-42a2-9973-84d74dd631b8\"  alt=\"\u201dSanningen\u201d.\"  loading=\"eager\" fetchpriority=\"high\" style=\"aspect-ratio:1900 \/ 1188\"\/>\u201dSanningen\u201d. Foto: Carolina Romare\/TV4. <\/p>\n<p class=\"hyperion-css-1shl3oz\" data-test-tag=\"lead-text\">TV-RECENSION Sofia Helin \u00e4r tillbaka f\u00f6r att ta sig an fler kalla sk\u00e5nska fall i en andra s\u00e4song av \u201dSanningen\u201d. Ett kriminaldrama som var b\u00e4ttre i sin f\u00f6rsta runda, men \u00e4ven den h\u00e4r g\u00e5ngen levererar sev\u00e4rd svensk sp\u00e4nning.<\/p>\n<p class=\"hyperion-css-1v9qo5x\"><img decoding=\"async\" src=\"https:\/\/www.aftonbladet.se\/web-assets\/ab-grade3.e38864a3.svg\" alt=\"Betyg: 3 av 5 plus\" class=\"hyperion-css-xyht2z\"\/><img decoding=\"async\" src=\"https:\/\/www.aftonbladet.se\/web-assets\/grade3.b0e307b8.svg\" alt=\"Betyg: 3 av 5 plus\" class=\"hyperion-css-4lrvg9\"\/><\/p>\n<p>Sanningen<\/p>\n<p class=\"hyperion-css-1v9qo5x\"><a data-test-tag=\"internal-link\" href=\"https:\/\/www.aftonbladet.se\/tagg\/tv4\" class=\"hyperion-css-15jkft9\" rel=\"nofollow noopener\" target=\"\" aria-label=\"TV4\" theme=\"entertainment\">TV4<\/a> <\/p>\n<p class=\"hyperion-css-1v9qo5x\">S\u00e4song 2<\/p>\n<p class=\"hyperion-css-1v9qo5x\">Av Camilla Ahlgren, Martin Asphaug och Alex Haridi, med <a data-test-tag=\"internal-link\" href=\"https:\/\/www.aftonbladet.se\/tagg\/sofia-helin\" class=\"hyperion-css-15jkft9\" rel=\"nofollow noopener\" target=\"\" aria-label=\"Sofia Helin\" theme=\"entertainment\">Sofia Helin<\/a>, Kajsa Ernst, H\u00e5kan Bengtsson, Inez Micaella Andersson, P\u00e5l Sverre Hagen, Pablo Leiva Wenger, Bj\u00f6rn Bengtsson, Marika Lindstr\u00f6m, Charlotta Bj\u00f6rck.<\/p>\n<p class=\"hyperion-css-1v9qo5x\"><strong>KRIMINALDRAMA. <\/strong>P\u00e5 dagen tv\u00e5 \u00e5r efter att <a data-test-tag=\"internal-link\" href=\"https:\/\/www.aftonbladet.se\/nojesbladet\/tv\/a\/MoV9bo\/sanningen-recension-det-luktar-hit-om-tv4-s-kriminaldrama\" class=\"hyperion-css-15jkft9\" rel=\"nofollow noopener\" target=\"\" aria-label=\"den f\u00f6rsta s\u00e4songen \" theme=\"entertainment\">den f\u00f6rsta s\u00e4songen <\/a>hade premi\u00e4r p\u00e5 juldagen 2023, kommer nu forts\u00e4ttningen p\u00e5 kriminaldramat \u201dSanningen\u201d. Som \u00e5terf\u00f6renade \u201dBron\u201d-duon <strong>Camilla Ahlgren<\/strong> och <strong>Sofia Helin<\/strong> i Malm\u00f6, och i sina b\u00e4sta stunder var lite av en svensk variant av den gripande brittiska eleganten \u201dSaknad, aldrig gl\u00f6md\u201d. Om gamla hemligheter och l\u00f6gner och jakten p\u00e5 sanning, uppr\u00e4ttelse och avslut.<\/p>\n<p class=\"hyperion-css-1v9qo5x\">Den h\u00e4r s\u00e4songen startar med att chefen Iris Broman (Helin) och hennes lilla stab p\u00e5 Malm\u00f6polisens kalla fall-grupp f\u00e5r ett nytt fall, eller snarare tv\u00e5 nygamla fall, att s\u00e4tta t\u00e4nderna i.<\/p>\n<p class=\"hyperion-css-1v9qo5x\">Under en jakt uppt\u00e4cks en kropp begravd i en plasts\u00e4ck i n\u00e4rheten av en herrg\u00e5rd utanf\u00f6r Ystad, och i trakten utg\u00e5r de flesta fr\u00e5n att det \u00e4r herrg\u00e5rdens patriark som till slut har hittats.<\/p>\n<p class=\"hyperion-css-1v9qo5x\">Han f\u00f6rsvann sp\u00e5rl\u00f6st f\u00f6r tio \u00e5r sedan, och hans fru (<strong>Marika Lindstr\u00f6m<\/strong>), som initialt var misst\u00e4nkt f\u00f6r mord, har finansierat en dokument\u00e4rfilm om mysteriet som just nu \u00e4r under produktion.<\/p>\n<p class=\"hyperion-css-1v9qo5x\">Men riktigt s\u00e5 enkelt \u00e4r det inte. Kroppen tillh\u00f6r n\u00e5gon annan, och nu \u00e4r fr\u00e5gan om de tv\u00e5 fallen h\u00f6r ihop och om l\u00f6sningen av det ena kan leda till l\u00f6sningen av det andra.<\/p>\n<p class=\"hyperion-css-1v9qo5x\">\u00c4ven i bildlig mening dras gamla skelett fram, kring trasiga familjerelationer, droger, maktmissbruk, otrohet och iskallt f\u00f6r\u00e4ldraskap.\u00a0<\/p>\n<p class=\"hyperion-css-1v9qo5x\">Och samtidigt p\u00e5g\u00e5r Iris privata angel\u00e4genheter, med \u00e5 ena sidan den fortsatta jakten p\u00e5 den man som ansvarade f\u00f6r hennes f\u00e4stmans d\u00f6d p\u00e5 \u00f6ppen gata i Stockholm, och \u00e5 andra sidan en knoppande relation med en charmerande norrman (<strong>P\u00e5l Sverre Hagen<\/strong>). Tv\u00e5 sp\u00e5r som b\u00e5da spiller \u00f6ver i hennes professionella liv, p\u00e5verkar hennes yrkesroll och komplicerar relationen med kollegorna.<\/p>\n<p class=\"hyperion-css-1v9qo5x\">Det h\u00e4nder med andra ord mycket i \u201dSanningen\u201d, och vissa delar fungerar s\u00e4mre, \u00e4r mindre engagerande och mindre trov\u00e4rdiga \u00e4n andra. Bland annat ett par r\u00e4tt osannolika sammantr\u00e4ffanden och en avstickare till Spanien som \u00e4r mer \u00e4n lovligt dum fr\u00e5n b\u00f6rjan till slut.<\/p>\n<p class=\"hyperion-css-1v9qo5x\">Sofia Helin \u00e4r dock fortfarande \u00f6vertygande i huvudrollen och<strong> H\u00e5kan Bengtsson <\/strong>mycket bra som den mjuka kollegan Jens. Och medan <strong>Kajsa Ernsts <\/strong>betydligt h\u00e5rdare Kerstin \u00e4r syrlig p\u00e5 gr\u00e4nsen till det karikerande, \u00e4r hon ocks\u00e5 ganska underh\u00e5llande.\u00a0<\/p>\n<p class=\"hyperion-css-1v9qo5x\">Och sj\u00e4lva kriminalg\u00e5tan \u00e4r tillr\u00e4ckligt sp\u00e4nnande f\u00f6r att man ska vilja h\u00e4nga med till uppl\u00f6sningen, \u00e4ven om helheten \u00e4r svagare \u00e4n sist.<\/p>\n<p class=\"hyperion-css-1v9qo5x\">\u201dSanningen\u201d har premi\u00e4r p\u00e5 TV4 Play Plus den 25 december och i TV4 den 7 januari.<\/p>\n","protected":false},"excerpt":{"rendered":"Nya kalla sk\u00e5nska fall i forts\u00e4ttningen p\u00e5 \u201dSanningen\u201d Publicerad 2025-12-24 18.00 share-arrowDela unsaveSpara expand-left helsk\u00e4rm\u201dSanningen\u201d. Foto: Carolina Romare\/TV4.&hellip;\n","protected":false},"author":2,"featured_media":116120,"comment_status":"","ping_status":"","sticky":false,"template":"","format":"standard","meta":{"footnotes":""},"categories":[67],"tags":[104,34,31,33,32,30,105],"class_list":{"0":"post-116119","1":"post","2":"type-post","3":"status-publish","4":"format-standard","5":"has-post-thumbnail","7":"category-underhallning","8":"tag-entertainment","9":"tag-se","10":"tag-svenska","11":"tag-sverige","12":"tag-sweden","13":"tag-swedish","14":"tag-underhallning"},"share_on_mastodon":{"url":"https:\/\/pubeurope.com\/@se\/115777866938736248","error":""},"_links":{"self":[{"href":"https:\/\/www.europesays.com\/se\/wp-json\/wp\/v2\/posts\/116119","targetHints":{"allow":["GET"]}}],"collection":[{"href":"https:\/\/www.europesays.com\/se\/wp-json\/wp\/v2\/posts"}],"about":[{"href":"https:\/\/www.europesays.com\/se\/wp-json\/wp\/v2\/types\/post"}],"author":[{"embeddable":true,"href":"https:\/\/www.europesays.com\/se\/wp-json\/wp\/v2\/users\/2"}],"replies":[{"embeddable":true,"href":"https:\/\/www.europesays.com\/se\/wp-json\/wp\/v2\/comments?post=116119"}],"version-history":[{"count":0,"href":"https:\/\/www.europesays.com\/se\/wp-json\/wp\/v2\/posts\/116119\/revisions"}],"wp:featuredmedia":[{"embeddable":true,"href":"https:\/\/www.europesays.com\/se\/wp-json\/wp\/v2\/media\/116120"}],"wp:attachment":[{"href":"https:\/\/www.europesays.com\/se\/wp-json\/wp\/v2\/media?parent=116119"}],"wp:term":[{"taxonomy":"category","embeddable":true,"href":"https:\/\/www.europesays.com\/se\/wp-json\/wp\/v2\/categories?post=116119"},{"taxonomy":"post_tag","embeddable":true,"href":"https:\/\/www.europesays.com\/se\/wp-json\/wp\/v2\/tags?post=116119"}],"curies":[{"name":"wp","href":"https:\/\/api.w.org\/{rel}","templated":true}]}}