{"id":116210,"date":"2025-12-25T06:11:24","date_gmt":"2025-12-25T06:11:24","guid":{"rendered":"https:\/\/www.europesays.com\/se\/116210\/"},"modified":"2025-12-25T06:11:24","modified_gmt":"2025-12-25T06:11:24","slug":"jultiden-syns-ocksa-i-avfallshanteringen-borgabladet","status":"publish","type":"post","link":"https:\/\/www.europesays.com\/se\/116210\/","title":{"rendered":"Jultiden syns ocks\u00e5 i avfallshanteringen &#8211; Borg\u00e5bladet"},"content":{"rendered":"<ol>\n<li><a href=\"https:\/\/news.google.com\/rss\/articles\/CBMie0FVX3lxTE10TUhzY0xJS09kRFRJeUhGb090T3gwbGd5MnRqbm5rbXFrNVZUem9TQXlaWmxxY1c4RVVfOFdyY0RraXRuOE5CT0QtOERiUlBMVTJWT255ZGFqT2NiT3duSnhyYkF3Y0NZSTZlMVVRZEhKSk83eTBsQnU0VQ?oc=5\" target=\"_blank\" rel=\"nofollow noopener\">Jultiden syns ocks\u00e5 i avfallshanteringen<\/a>&nbsp;&nbsp;Borg\u00e5bladet<\/li>\n<li><a href=\"https:\/\/news.google.com\/rss\/articles\/CBMiogFBVV95cUxOWHBMN005bms5cnVrcG5tb2ZWS3RmYV91Y2M5azhWUDNWZHBTNVB3OWxSRXB4clRjcjY1VVdUc0xaSjBFdHMwMVJNdEl0QVgyemE4Q0tsX3Y4S1E2cTBsSFdCRzlrRnByVGNYX1lweENzTGxETFA1MDNBV09pTTVveC0zc3VTZmthV0RlWnBFdjNReTdKRWV1UUlaU3hSTnVNamc?oc=5\" target=\"_blank\" rel=\"nofollow noopener\">Hotellet f\u00f6rvandlar svinn till guld \u2013 tipsar vad du ska t\u00e4nka p\u00e5<\/a>&nbsp;&nbsp;Sk\u00f6vde Nyheter<\/li>\n<li><a href=\"https:\/\/news.google.com\/rss\/articles\/CBMimwFBVV95cUxOcGZIMFVYM0xEbG1PcFpLNklqQWt1T0pfc3YwenV6ME13WW9sbm4wazhvdEdDYXpVQUM2cjhNTnlJQVd3LUphR0czQ1EwYWhCSk1EMUFYT1BjdW9JbEVNY3RIdnYzb0RVcFJaYlNjMmp4RnJlNWlfTlY5VW4zekkzX202UjBBMzg5dlZTZEVYMzVUOWJvcWFlMzVuRQ?oc=5\" target=\"_blank\" rel=\"nofollow noopener\">\u00c5tervinn julen \u2013 s\u00e5 tar du hand om det som blir \u00f6ver<\/a>&nbsp;&nbsp;Falk\u00f6pings Tidning<\/li>\n<li><a href=\"https:\/\/news.google.com\/rss\/articles\/CBMiowFBVV95cUxNWHVvclFzUU45QS0takpzWWNfN3phT0Ftc3FaSXR0Q1VfMThqaFUycFk1QjhwZ0FVZjJKWEdXX2d4WVRUWS1lZ2lyaFMya0RNZUhBSGNTRGdhc2M5YXhueHFmblRLY2lSUVQ5ZWxkYjdocUttal8tejVKVTllZ1RxVWtUU2Zla0o3OGlWTU94S1lkcktTbVhwVmRmaHdKRzRrb2tJ?oc=5\" target=\"_blank\" rel=\"nofollow noopener\">Julen \u00e4r en klimatbomb \u2013 s\u00e5 mycket sl\u00e4pper vi ut: \u201dMer \u00e4n vi beh\u00f6ver\u201d<\/a>&nbsp;&nbsp;NWT<\/li>\n<li><a href=\"https:\/\/news.google.com\/rss\/articles\/CBMiR0FVX3lxTE9fNHJUQUVFVmwtN2dIaVBucU5pbms1UlFFS0lsellSN1RPU192QkY4VVN6a2JycldsaFBRTE1sWlZpMDd2ZEFN?oc=5\" target=\"_blank\" rel=\"nofollow noopener\">Matrester och jultraditioner (tisdag 14\u201315)<\/a>&nbsp;&nbsp;Yle Arenan<\/li>\n<\/ol>\n","protected":false},"excerpt":{"rendered":"Jultiden syns ocks\u00e5 i avfallshanteringen&nbsp;&nbsp;Borg\u00e5bladet Hotellet f\u00f6rvandlar svinn till guld \u2013 tipsar vad du ska t\u00e4nka p\u00e5&nbsp;&nbsp;Sk\u00f6vde Nyheter&hellip;\n","protected":false},"author":2,"featured_media":116211,"comment_status":"","ping_status":"","sticky":false,"template":"","format":"standard","meta":{"footnotes":""},"categories":[5],"tags":[22,23,26,27,17,21,24,25,28,29,15,16,18,34,31,33,32,30,19,20],"class_list":{"0":"post-116210","1":"post","2":"type-post","3":"status-publish","4":"format-standard","5":"has-post-thumbnail","7":"category-rubriker","8":"tag-breaking-news","9":"tag-breakingnews","10":"tag-featured-news","11":"tag-featurednews","12":"tag-headlines","13":"tag-huvudnyheter","14":"tag-latest-news","15":"tag-latestnews","16":"tag-main-news","17":"tag-mainnews","18":"tag-news","19":"tag-nyheter","20":"tag-rubriker","21":"tag-se","22":"tag-svenska","23":"tag-sverige","24":"tag-sweden","25":"tag-swedish","26":"tag-top-stories","27":"tag-topstories"},"share_on_mastodon":{"url":"https:\/\/pubeurope.com\/@se\/115778727653010880","error":""},"_links":{"self":[{"href":"https:\/\/www.europesays.com\/se\/wp-json\/wp\/v2\/posts\/116210","targetHints":{"allow":["GET"]}}],"collection":[{"href":"https:\/\/www.europesays.com\/se\/wp-json\/wp\/v2\/posts"}],"about":[{"href":"https:\/\/www.europesays.com\/se\/wp-json\/wp\/v2\/types\/post"}],"author":[{"embeddable":true,"href":"https:\/\/www.europesays.com\/se\/wp-json\/wp\/v2\/users\/2"}],"replies":[{"embeddable":true,"href":"https:\/\/www.europesays.com\/se\/wp-json\/wp\/v2\/comments?post=116210"}],"version-history":[{"count":0,"href":"https:\/\/www.europesays.com\/se\/wp-json\/wp\/v2\/posts\/116210\/revisions"}],"wp:featuredmedia":[{"embeddable":true,"href":"https:\/\/www.europesays.com\/se\/wp-json\/wp\/v2\/media\/116211"}],"wp:attachment":[{"href":"https:\/\/www.europesays.com\/se\/wp-json\/wp\/v2\/media?parent=116210"}],"wp:term":[{"taxonomy":"category","embeddable":true,"href":"https:\/\/www.europesays.com\/se\/wp-json\/wp\/v2\/categories?post=116210"},{"taxonomy":"post_tag","embeddable":true,"href":"https:\/\/www.europesays.com\/se\/wp-json\/wp\/v2\/tags?post=116210"}],"curies":[{"name":"wp","href":"https:\/\/api.w.org\/{rel}","templated":true}]}}