{"id":116214,"date":"2025-12-25T06:19:09","date_gmt":"2025-12-25T06:19:09","guid":{"rendered":"https:\/\/www.europesays.com\/se\/116214\/"},"modified":"2025-12-25T06:19:09","modified_gmt":"2025-12-25T06:19:09","slug":"beslut-de-saljer-mer-mark-i-grona-dalen","status":"publish","type":"post","link":"https:\/\/www.europesays.com\/se\/116214\/","title":{"rendered":"Beslut: De s\u00e4ljer mer mark i Gr\u00f6na Dalen"},"content":{"rendered":"<p class=\"ort\">Kungs\u00e4ngen<\/p>\n<p class=\"text\">Beslutet att s\u00e4lja en fastighet i Gr\u00f6na dalen f\u00f6r 16,5 miljoner kronor klubbades i s\u00e5v\u00e4l samh\u00e4llsbyggnadsutskottet som kommunstyrelsen efter en tydlig politisk splittring. S, V och MP reserverade sig och varnar f\u00f6r brister i planeringen samt otillr\u00e4ckligt skydd av naturmilj\u00f6n.<\/p>\n<p class=\"text\">Den aktuella fastigheten ligger p\u00e5 den norra sidan av Hjortronv\u00e4gen, inom detaljplanen Tibble\u00e4ngen som antogs i oktober 2020. Fastigheten \u00e4gs i dag av kommunen och \u00e4r avsedd f\u00f6r cirka 18 radhus med gemensam parkering, enligt planhandlingarna.<\/p>\n<p>Tv\u00e5 intressenter<\/p>\n<p class=\"text\">Inom detaljplanen bygger, som Mitt i tidigare rapporterat, Derome 134 hyresr\u00e4tter och 45 kedjehus i den s\u00f6dra delen av planomr\u00e5det.<\/p>\n<p class=\"text\">Under 2025 har tv\u00e5 exploat\u00f6rer visat intresse av att k\u00f6pa och bebygga fastigheten som kommunen faktiskt f\u00f6rs\u00f6kte s\u00e4lja redan 2020.<\/p>\n<p class=\"text\">Innan en aff\u00e4r kan g\u00f6ras s\u00e5 m\u00e5ste fastigheten styckas av till cirka 4 700 kvadratmeter. H\u00e4r ryms sedan en byggr\u00e4tt p\u00e5 n\u00e4stan 2 700 kvadratmeter radhusbebyggelse. <\/p>\n<p><img decoding=\"async\" class=\"Image Image_\" src=\"\" data-aghref=\"http:\/\/www.mitti.se\/image-3.61874.269119.20251225060443.3714f47a72\" data-agimagetype=\"hardcrop\" alt=\"Kommunstyrelsens ordf\u00f6rande Fredrik Kjos (M) och oppositionsr\u00e5det Camilla Janson (S).\"\/><\/p>\n<p class=\"Caption\">Kommunstyrelsens ordf\u00f6rande Fredrik Kjos (M) och oppositionsr\u00e5det Camilla Janson (S).<\/p>\n<p class=\"Source\">Pressbild \/ Mitt i<\/p>\n<p class=\"text\">Trots ett avvaktande l\u00e4ge p\u00e5 husmarknaden bed\u00f6ms omr\u00e5det som ett attraktivt A-l\u00e4ge i den externa v\u00e4rdering som kommunen l\u00e5tit g\u00f6ra av marken.<\/p>\n<p class=\"text\">\u2013 I Gr\u00f6na dalen g\u00e4ller inte styrets l\u00f6fte om sm\u00e5skaligt och varsamt byggande. Vi har sagt nej fr\u00e5n b\u00f6rjan \u2013 exploateringen \u00e4r f\u00f6r stor, felplacerad och sker p\u00e5 bekostnad av viktiga naturv\u00e4rden, s\u00e4ger Camilla Janson (S), oppositionsr\u00e5d.<\/p>\n<p>Arbetat om S-f\u00f6rslag<\/p>\n<p class=\"text\">Kommunstyrelsens ordf\u00f6rande Fredrik Kjos (M) s\u00e4ger att S-kritiken \u00e4r ett tydligt tecken p\u00e5 att man inte kan lita p\u00e5 Socialdemokraterna.<\/p>\n<p class=\"text\">\u2013 N\u00e4r vi i alliansen klev in f\u00f6r sju \u00e5r sedan s\u00e5 hade Socialdemokraterna tagit fram ett f\u00f6rslag p\u00e5 en h\u00f6ghusmatta p\u00e5 just den h\u00e4r platsen. Vi har arbetat om den planen. Nu \u00e4r st\u00f6rre delen av det h\u00e4r omr\u00e5det sm\u00e5hus och delar ocks\u00e5 flerfamiljshus, s\u00e4ger han.<\/p>\n<p class=\"text\">Det \u00e4r i nul\u00e4get inte klart vem som k\u00f6per fastigheten.<\/p>\n<p>Byggnationen i Gr\u00f6na Dalen \u00e4r i full g\u00e5ng. H\u00e4r uppf\u00f6r Derome b\u00e5de l\u00e4genheter och kedjehus i tr\u00e4. Totalt handlar det om 134 hyresr\u00e4tter och 45 kedjehus.<\/p>\n<p class=\"text\">Den uppm\u00e4rksamme Upplands-Brobon som r\u00f6rt sig i och kring Gr\u00f6na Dalen har s\u00e4kert noterat att det byggs l\u00e4ngs, och kring, Hjortronv\u00e4gen i Kungs\u00e4ngen. Det \u00e4r f\u00f6retaget Derome som nu har <a target=\"_blank\" rel=\"noopener nofollow\" href=\"https:\/\/www.mitti.se\/nyheter\/klart-bostader-i-tra-byggs-i-grona-dalen-6.27.33662.0403ef6e71\">kommit ig\u00e5ng med sitt projekt p\u00e5 allvar<\/a>.<\/p>\n<p class=\"text\"> \u2013 Vi har b\u00f6rjat bygga l\u00e4genheter i tre till fem v\u00e5ningar. Det \u00e4r 134 till antalet, s\u00e4ger Anders Jons\u00e5ker, aff\u00e4rsutvecklingschef hos Derome.<\/p>\n<p><img decoding=\"async\" class=\"Image Image_\" src=\"\" data-aghref=\"http:\/\/www.mitti.se\/image-3.337672.250657.20250825104253.80aa7c3453\" data-agimagetype=\"hardcrop\" alt=\"Anders Jons\u00e5ker, aff\u00e4rsutvecklingschef, Derome\"\/><\/p>\n<p class=\"Caption\">Anders Jons\u00e5ker, aff\u00e4rsutvecklingschef, Derome<\/p>\n<p class=\"Source\">Derome<\/p>\n<p class=\"text\">L\u00e4genheterna ber\u00e4knas st\u00e5 klara innan sommaren 2026 och kommer att hyras ut som hyresr\u00e4tter. Bolaget planerar \u00e4ven att bygga 45 kedjehus p\u00e5 122\u2013126 kvadratmeter vardera.<\/p>\n<p class=\"text\"> \u2013 V\u00e5r plan \u00e4r att p\u00e5b\u00f6rja arbetet med de f\u00f6rsta husmontagen i maj\u2013juni 2026.<\/p>\n<p class=\"text\">Kedjehusen kommer att delas upp i tv\u00e5 bostadsr\u00e4ttsf\u00f6reningar, med f\u00f6rs\u00e4ljningsstart planerad till f\u00f6rsta kvartalet 2026.<\/p>\n<p class=\"text\">Hur vill du beskriva omr\u00e5det?<\/p>\n<p class=\"text\"> \u2013 Vi vill skapa en sm\u00e5skalig k\u00e4nsla i omr\u00e5det som harmonierar med de befintliga husen runt omkring. Det blir stora altaner d\u00e4r de boende kan njuta av den omgivande naturmarken. Kommunen kommer dessutom att anl\u00e4gga en park som blir v\u00e4ldigt fin. B\u00e5de l\u00e4genheterna och kedjehusen bygger vi i tr\u00e4.<\/p>\n<p class=\"text\">Husen som nu kommer p\u00e5 plats har byggts i f\u00f6retagets modulfabrik i V\u00e4r\u00f6 utanf\u00f6r Varberg<\/p>\n<p class=\"text\"> \u2013 Vi kommer \u00e4ven att montera tv\u00e5 hus till l\u00e4ngs Hjortronv\u00e4gen i h\u00f6st.<\/p>\n<p class=\"text\">Projektet i Gr\u00f6na Dalen \u00e4r ett s\u00e5 kallat joint venture (JV) tillsammans med Nybrofast. Ett JV inneb\u00e4r att tv\u00e5 eller flera f\u00f6retag samarbetar i ett gemensamt bolag.<\/p>\n<p class=\"citat\">Vi vill skapa en sm\u00e5skalig k\u00e4nsla i omr\u00e5det.<\/p>\n<p><img decoding=\"async\" class=\"Image Image_\" src=\"\" data-aghref=\"http:\/\/www.mitti.se\/image-3.337467.250657.20250822163822.fc317266ce\" data-agimagetype=\"hardcrop\" alt=\"Tv\u00e5 hus till \u00e4r p\u00e5 g\u00e5ng att uppf\u00f6ras nu under h\u00f6sten. D\u00e4refter v\u00e4ntas kedjehusen ta form.\"\/><\/p>\n<p class=\"Caption\">Tv\u00e5 hus till \u00e4r p\u00e5 g\u00e5ng att uppf\u00f6ras nu under h\u00f6sten. D\u00e4refter v\u00e4ntas kedjehusen ta form.<\/p>\n<p class=\"Source\">Niklas Loman<\/p>\n<p class=\"teaser\">Bost\u00e4der i tr\u00e4 v\u00e4xer fram i Kungs\u00e4ngen \u2714\ufe0f &#8221;Vill skapa en sm\u00e5skalig k\u00e4nsla&#8221;<\/p>\n<p class=\"faktarubrik\">Fakta: Norra Tibble\u00e4ngen<\/p>\n<p class=\"fakta\">Plats: Norra sidan av Hjortronv\u00e4gen, Gr\u00f6na dalen.<\/p>\n<p class=\"fakta\">Planer: Cirka 18 stadsradhus.<\/p>\n<p class=\"fakta\">V\u00e4rdering: 16,5 miljoner kronor.<\/p>\n<p class=\"fakta\">Intresse: Tv\u00e5 exploat\u00f6rer vill k\u00f6pa marken.<\/p>\n<p class=\"fakta\">Beslut: Kommunstyrelsen s\u00e4ger ja (9\u20136).<\/p>\n<p class=\"fakta\">Oppositionen: S, V och MP varnar f\u00f6r \u00f6verexploatering och naturv\u00e4rdesf\u00f6rlust.<\/p>\n<p class=\"faktakalla\">K\u00e4lla: Upplands-Bro kommun<\/p>\n<p class=\"citat\">N\u00e4r vi i alliansen klev in f\u00f6r sju \u00e5r sedan s\u00e5 hade Socialdemokraterna tagit fram ett f\u00f6rslag p\u00e5 en h\u00f6ghusmatta.<\/p>\n","protected":false},"excerpt":{"rendered":"Kungs\u00e4ngen Beslutet att s\u00e4lja en fastighet i Gr\u00f6na dalen f\u00f6r 16,5 miljoner kronor klubbades i s\u00e5v\u00e4l samh\u00e4llsbyggnadsutskottet som&hellip;\n","protected":false},"author":2,"featured_media":116215,"comment_status":"","ping_status":"","sticky":false,"template":"","format":"standard","meta":{"footnotes":""},"categories":[12],"tags":[22,23,26,27,17,21,24,25,28,29,15,16,18,34,31,33,32,30,19,20],"class_list":{"0":"post-116214","1":"post","2":"type-post","3":"status-publish","4":"format-standard","5":"has-post-thumbnail","7":"category-sverige","8":"tag-breaking-news","9":"tag-breakingnews","10":"tag-featured-news","11":"tag-featurednews","12":"tag-headlines","13":"tag-huvudnyheter","14":"tag-latest-news","15":"tag-latestnews","16":"tag-main-news","17":"tag-mainnews","18":"tag-news","19":"tag-nyheter","20":"tag-rubriker","21":"tag-se","22":"tag-svenska","23":"tag-sverige","24":"tag-sweden","25":"tag-swedish","26":"tag-top-stories","27":"tag-topstories"},"share_on_mastodon":{"url":"https:\/\/pubeurope.com\/@se\/115778759170755064","error":""},"_links":{"self":[{"href":"https:\/\/www.europesays.com\/se\/wp-json\/wp\/v2\/posts\/116214","targetHints":{"allow":["GET"]}}],"collection":[{"href":"https:\/\/www.europesays.com\/se\/wp-json\/wp\/v2\/posts"}],"about":[{"href":"https:\/\/www.europesays.com\/se\/wp-json\/wp\/v2\/types\/post"}],"author":[{"embeddable":true,"href":"https:\/\/www.europesays.com\/se\/wp-json\/wp\/v2\/users\/2"}],"replies":[{"embeddable":true,"href":"https:\/\/www.europesays.com\/se\/wp-json\/wp\/v2\/comments?post=116214"}],"version-history":[{"count":0,"href":"https:\/\/www.europesays.com\/se\/wp-json\/wp\/v2\/posts\/116214\/revisions"}],"wp:featuredmedia":[{"embeddable":true,"href":"https:\/\/www.europesays.com\/se\/wp-json\/wp\/v2\/media\/116215"}],"wp:attachment":[{"href":"https:\/\/www.europesays.com\/se\/wp-json\/wp\/v2\/media?parent=116214"}],"wp:term":[{"taxonomy":"category","embeddable":true,"href":"https:\/\/www.europesays.com\/se\/wp-json\/wp\/v2\/categories?post=116214"},{"taxonomy":"post_tag","embeddable":true,"href":"https:\/\/www.europesays.com\/se\/wp-json\/wp\/v2\/tags?post=116214"}],"curies":[{"name":"wp","href":"https:\/\/api.w.org\/{rel}","templated":true}]}}