{"id":116218,"date":"2025-12-25T06:27:19","date_gmt":"2025-12-25T06:27:19","guid":{"rendered":"https:\/\/www.europesays.com\/se\/116218\/"},"modified":"2025-12-25T06:27:19","modified_gmt":"2025-12-25T06:27:19","slug":"tenhults-ror-aktiebolag-sa-ser-siffrorna-ut-jonkopings-posten","status":"publish","type":"post","link":"https:\/\/www.europesays.com\/se\/116218\/","title":{"rendered":"Tenhults R\u00f6r Aktiebolag \u2013 s\u00e5 ser siffrorna ut \u2013 J\u00f6nk\u00f6pings-Posten"},"content":{"rendered":"<p>Tenhults R\u00f6r st\u00e5r bokf\u00f6rt p\u00e5 13,5 miljoner kronor i oms\u00e4ttning. Resultatet f\u00f6re skatt \u00e4r 15 000 kronor. Det enligt den senaste \u00e5rsredovisningen som nu \u00e4r klar.<\/p>\n<p>R\u00f6relseresultatet f\u00f6r Tenhults R\u00f6r g\u00e5r fr\u00e5n ett \u00f6verskott p\u00e5 knappt 2,7 miljoner kronor till ett underskott p\u00e5 86 000 kronor.<\/p>\n<p>Totalt ger det en r\u00f6relsemarginal p\u00e5 minus 0,6 procent, som \u00e4r l\u00e4gre \u00e4n f\u00f6reg\u00e5ende period. D\u00e5 var r\u00f6relsemarginalen tolv och en halv procent. De b\u00e5da redovisnings\u00e5ren har dock olika l\u00e4ngd, 12 m\u00e5nader f\u00f6r 2025 och 16 m\u00e5nader f\u00f6r 2024.<\/p>\n<p>I j\u00e4mf\u00f6relse \u00e4r r\u00f6relsemarginalen i snitt f\u00f6r svenska f\u00f6retag 7,3 procent, enligt de senaste uppgifterna fr\u00e5n SCB. I branschen specialiserad bygg- och anl\u00e4ggningsverksamhet \u00e4r motsvarande snitt 6,8 procent. Noteras ska att f\u00f6retaget \u00e4r ett av tv\u00e5 i koncernen och att varje f\u00f6retags resultat officiellt rapporteras f\u00f6r sig. Moderbolag \u00e4r Moberg &amp; Larsson Holding AB.<\/p>\n<p>F\u00f6retaget grundades 1966 och och h\u00f6r hemma i J\u00f6nk\u00f6pings kommun. F\u00f6retaget verkar inom v\u00e4rme- och sanitetsarbeten. F\u00f6retaget \u00e4r ett av tv\u00e5 i koncernen d\u00e4r Moberg &amp; Larsson Holding AB \u00e4r moderbolag. F\u00f6retaget har en redovisningsperiod som l\u00f6per fr\u00e5n september till augusti.<\/p>\n<p>F\u00f6retaget har fem anst\u00e4llda, enligt \u00e5rsredovisningen, vilket \u00e4r samma antal som f\u00f6reg\u00e5ende redovisnings\u00e5r.<\/p>\n<p>\u00c4garen, Moberg &amp; Larsson Holding AB, tog inte ut n\u00e5gon utdelning under f\u00f6rra \u00e5ret.<\/p>\n<p>Styrelseordf\u00f6rande \u00e4r Daniel Christian Larsson (33).<\/p>\n<p>Tenhults R\u00f6r placerar sig som det 34:e st\u00f6rsta f\u00f6retaget inom sin bransch i J\u00f6nk\u00f6ping baserat p\u00e5 oms\u00e4ttning, och det 842:a st\u00f6rsta i hela Sverige. Det finns 87 f\u00f6retag i samma bransch i J\u00f6nk\u00f6ping.<\/p>\n","protected":false},"excerpt":{"rendered":"Tenhults R\u00f6r st\u00e5r bokf\u00f6rt p\u00e5 13,5 miljoner kronor i oms\u00e4ttning. Resultatet f\u00f6re skatt \u00e4r 15 000 kronor. Det&hellip;\n","protected":false},"author":2,"featured_media":100509,"comment_status":"","ping_status":"","sticky":false,"template":"","format":"standard","meta":{"footnotes":""},"categories":[65],"tags":[72,70,71,34,31,33,32,30],"class_list":{"0":"post-116218","1":"post","2":"type-post","3":"status-publish","4":"format-standard","5":"has-post-thumbnail","7":"category-ekonomi","8":"tag-business","9":"tag-economy","10":"tag-ekonomi","11":"tag-se","12":"tag-svenska","13":"tag-sverige","14":"tag-sweden","15":"tag-swedish"},"share_on_mastodon":{"url":"https:\/\/pubeurope.com\/@se\/115778790590606556","error":""},"_links":{"self":[{"href":"https:\/\/www.europesays.com\/se\/wp-json\/wp\/v2\/posts\/116218","targetHints":{"allow":["GET"]}}],"collection":[{"href":"https:\/\/www.europesays.com\/se\/wp-json\/wp\/v2\/posts"}],"about":[{"href":"https:\/\/www.europesays.com\/se\/wp-json\/wp\/v2\/types\/post"}],"author":[{"embeddable":true,"href":"https:\/\/www.europesays.com\/se\/wp-json\/wp\/v2\/users\/2"}],"replies":[{"embeddable":true,"href":"https:\/\/www.europesays.com\/se\/wp-json\/wp\/v2\/comments?post=116218"}],"version-history":[{"count":0,"href":"https:\/\/www.europesays.com\/se\/wp-json\/wp\/v2\/posts\/116218\/revisions"}],"wp:featuredmedia":[{"embeddable":true,"href":"https:\/\/www.europesays.com\/se\/wp-json\/wp\/v2\/media\/100509"}],"wp:attachment":[{"href":"https:\/\/www.europesays.com\/se\/wp-json\/wp\/v2\/media?parent=116218"}],"wp:term":[{"taxonomy":"category","embeddable":true,"href":"https:\/\/www.europesays.com\/se\/wp-json\/wp\/v2\/categories?post=116218"},{"taxonomy":"post_tag","embeddable":true,"href":"https:\/\/www.europesays.com\/se\/wp-json\/wp\/v2\/tags?post=116218"}],"curies":[{"name":"wp","href":"https:\/\/api.w.org\/{rel}","templated":true}]}}