{"id":116219,"date":"2025-12-25T06:29:29","date_gmt":"2025-12-25T06:29:29","guid":{"rendered":"https:\/\/www.europesays.com\/se\/116219\/"},"modified":"2025-12-25T06:29:29","modified_gmt":"2025-12-25T06:29:29","slug":"kommunen-stoppar-finansiering-for-ridklubbens-ridhus","status":"publish","type":"post","link":"https:\/\/www.europesays.com\/se\/116219\/","title":{"rendered":"Kommunen stoppar finansiering f\u00f6r ridklubbens ridhus"},"content":{"rendered":"<p>Oron f\u00f6r ridklubbens framtid finns \u00e4ven hos Gunilla Melin, ridskolechef i SRS. Hon har varit anst\u00e4lld i den ideellt drivna f\u00f6reningen i 20 \u00e5r.\u00a0Under hennes tid som anst\u00e4lld har hon sett hur klubben tidigare lyckats navigera sig genom sv\u00e5ra ekonomiska tider. Men den h\u00e4r g\u00e5ngen vet hon inte hur det kommer sluta d\u00e5 hj\u00e4lpen fr\u00e5n kommunen inte l\u00e4ngre finns kvar.\u2013 Jag hade <\/p>\n","protected":false},"excerpt":{"rendered":"Oron f\u00f6r ridklubbens framtid finns \u00e4ven hos Gunilla Melin, ridskolechef i SRS. Hon har varit anst\u00e4lld i den&hellip;\n","protected":false},"author":2,"featured_media":116220,"comment_status":"","ping_status":"","sticky":false,"template":"","format":"standard","meta":{"footnotes":""},"categories":[12],"tags":[22,23,26,27,17,21,24,25,28,29,15,16,18,34,31,33,32,30,19,20],"class_list":{"0":"post-116219","1":"post","2":"type-post","3":"status-publish","4":"format-standard","5":"has-post-thumbnail","7":"category-sverige","8":"tag-breaking-news","9":"tag-breakingnews","10":"tag-featured-news","11":"tag-featurednews","12":"tag-headlines","13":"tag-huvudnyheter","14":"tag-latest-news","15":"tag-latestnews","16":"tag-main-news","17":"tag-mainnews","18":"tag-news","19":"tag-nyheter","20":"tag-rubriker","21":"tag-se","22":"tag-svenska","23":"tag-sverige","24":"tag-sweden","25":"tag-swedish","26":"tag-top-stories","27":"tag-topstories"},"share_on_mastodon":{"url":"https:\/\/pubeurope.com\/@se\/115778798472536554","error":""},"_links":{"self":[{"href":"https:\/\/www.europesays.com\/se\/wp-json\/wp\/v2\/posts\/116219","targetHints":{"allow":["GET"]}}],"collection":[{"href":"https:\/\/www.europesays.com\/se\/wp-json\/wp\/v2\/posts"}],"about":[{"href":"https:\/\/www.europesays.com\/se\/wp-json\/wp\/v2\/types\/post"}],"author":[{"embeddable":true,"href":"https:\/\/www.europesays.com\/se\/wp-json\/wp\/v2\/users\/2"}],"replies":[{"embeddable":true,"href":"https:\/\/www.europesays.com\/se\/wp-json\/wp\/v2\/comments?post=116219"}],"version-history":[{"count":0,"href":"https:\/\/www.europesays.com\/se\/wp-json\/wp\/v2\/posts\/116219\/revisions"}],"wp:featuredmedia":[{"embeddable":true,"href":"https:\/\/www.europesays.com\/se\/wp-json\/wp\/v2\/media\/116220"}],"wp:attachment":[{"href":"https:\/\/www.europesays.com\/se\/wp-json\/wp\/v2\/media?parent=116219"}],"wp:term":[{"taxonomy":"category","embeddable":true,"href":"https:\/\/www.europesays.com\/se\/wp-json\/wp\/v2\/categories?post=116219"},{"taxonomy":"post_tag","embeddable":true,"href":"https:\/\/www.europesays.com\/se\/wp-json\/wp\/v2\/tags?post=116219"}],"curies":[{"name":"wp","href":"https:\/\/api.w.org\/{rel}","templated":true}]}}