{"id":116225,"date":"2025-12-25T06:37:02","date_gmt":"2025-12-25T06:37:02","guid":{"rendered":"https:\/\/www.europesays.com\/se\/116225\/"},"modified":"2025-12-25T06:37:02","modified_gmt":"2025-12-25T06:37:02","slug":"ryska-bombflygplan-flog-over-norska-havet","status":"publish","type":"post","link":"https:\/\/www.europesays.com\/se\/116225\/","title":{"rendered":"Ryska bombflygplan fl\u00f6g \u00f6ver Norska havet"},"content":{"rendered":"<p>Ryska l\u00e5ngdistansstrategiska bombflygplan av modellen Tu-95ms har genomf\u00f6rt en planerad flygning \u00f6ver ishaven norr om Norge. Det uppger Rysslands utrikesdepartement i ett uttalande, skriver Reuters.<\/p>\n<p>Flygplanen befann sig \u00f6ver neutralt vatten och passerade Barents hav och Norska havet, enligt Ryssland. <\/p>\n<p>\u201dUnder vissa etapper av flygningen fick bombflygplanen s\u00e4llskap av stridsflygplan fr\u00e5n andra l\u00e4nder\u201d, forts\u00e4tter uttalandet. <\/p>\n<p>Omni \u00e4r politiskt obundna och oberoende. Vi str\u00e4var efter att ge fler perspektiv p\u00e5 nyheterna. Har du fr\u00e5gor eller synpunkter kring v\u00e5r rapportering? <a href=\"https:\/\/omni.se\/ryska-bombflygplan-flog-over-norska-havet\/a\/mailto:redaktion@omni.se\" class=\"ArticleActions_contactLink__W2F1M\" rel=\"nofollow noopener\" target=\"_blank\">Kontakta redaktionen<\/a><\/p>\n","protected":false},"excerpt":{"rendered":"Ryska l\u00e5ngdistansstrategiska bombflygplan av modellen Tu-95ms har genomf\u00f6rt en planerad flygning \u00f6ver ishaven norr om Norge. Det uppger&hellip;\n","protected":false},"author":2,"featured_media":116226,"comment_status":"","ping_status":"","sticky":false,"template":"","format":"standard","meta":{"footnotes":""},"categories":[14],"tags":[22,23,267,26,27,17,21,24,25,28,29,15,430,16,18,264,34,31,33,32,30,19,20,51,52,53,54],"class_list":{"0":"post-116225","1":"post","2":"type-post","3":"status-publish","4":"format-standard","5":"has-post-thumbnail","7":"category-varlden","8":"tag-breaking-news","9":"tag-breakingnews","10":"tag-europa","11":"tag-featured-news","12":"tag-featurednews","13":"tag-headlines","14":"tag-huvudnyheter","15":"tag-latest-news","16":"tag-latestnews","17":"tag-main-news","18":"tag-mainnews","19":"tag-news","20":"tag-norge","21":"tag-nyheter","22":"tag-rubriker","23":"tag-ryssland","24":"tag-se","25":"tag-svenska","26":"tag-sverige","27":"tag-sweden","28":"tag-swedish","29":"tag-top-stories","30":"tag-topstories","31":"tag-varlden","32":"tag-world","33":"tag-world-news","34":"tag-worldnews"},"share_on_mastodon":{"url":"","error":""},"_links":{"self":[{"href":"https:\/\/www.europesays.com\/se\/wp-json\/wp\/v2\/posts\/116225","targetHints":{"allow":["GET"]}}],"collection":[{"href":"https:\/\/www.europesays.com\/se\/wp-json\/wp\/v2\/posts"}],"about":[{"href":"https:\/\/www.europesays.com\/se\/wp-json\/wp\/v2\/types\/post"}],"author":[{"embeddable":true,"href":"https:\/\/www.europesays.com\/se\/wp-json\/wp\/v2\/users\/2"}],"replies":[{"embeddable":true,"href":"https:\/\/www.europesays.com\/se\/wp-json\/wp\/v2\/comments?post=116225"}],"version-history":[{"count":0,"href":"https:\/\/www.europesays.com\/se\/wp-json\/wp\/v2\/posts\/116225\/revisions"}],"wp:featuredmedia":[{"embeddable":true,"href":"https:\/\/www.europesays.com\/se\/wp-json\/wp\/v2\/media\/116226"}],"wp:attachment":[{"href":"https:\/\/www.europesays.com\/se\/wp-json\/wp\/v2\/media?parent=116225"}],"wp:term":[{"taxonomy":"category","embeddable":true,"href":"https:\/\/www.europesays.com\/se\/wp-json\/wp\/v2\/categories?post=116225"},{"taxonomy":"post_tag","embeddable":true,"href":"https:\/\/www.europesays.com\/se\/wp-json\/wp\/v2\/tags?post=116225"}],"curies":[{"name":"wp","href":"https:\/\/api.w.org\/{rel}","templated":true}]}}