{"id":116300,"date":"2025-12-25T08:19:09","date_gmt":"2025-12-25T08:19:09","guid":{"rendered":"https:\/\/www.europesays.com\/se\/116300\/"},"modified":"2025-12-25T08:19:09","modified_gmt":"2025-12-25T08:19:09","slug":"trumps-sandebud-blidkade-lukasjenko-med-fetmamedicin","status":"publish","type":"post","link":"https:\/\/www.europesays.com\/se\/116300\/","title":{"rendered":"Trumps s\u00e4ndebud blidkade Lukasjenko \u2013 med fetmamedicin"},"content":{"rendered":"<p class=\"sc-c25743f0-0 sc-e37c0145-2 hObFds DQgPn\">Aleksandr Lukasjenko har l\u00e4nge kallats \u201dEuropas sista diktator\u201d och \u00e4r en av Vladimir Putins n\u00e4rmaste allierade. USA:s m\u00e5l \u00e4r att rubba den relationen f\u00f6r att p\u00e5 sikt p\u00e5verka Putin i kriget mot Ukraina. Trumps man i Minsk \u00e4r John Coale, tidigare advokat och numera s\u00e4rskilt s\u00e4ndebud. Hans uppdrag: Att f\u00f6rb\u00e4ttra relationerna med Belarus.<\/p>\n<p class=\"sc-c25743f0-0 sc-e37c0145-2 hObFds DQgPn\">\u2013 Min f\u00f6rsta tanke var: Var fan ligger Belarus?, s\u00e4ger Coale till <a href=\"https:\/\/www.wsj.com\/world\/belarus-lukashenko-obesity-drug-02941fb3\" class=\"pcc\" target=\"_blank\" rel=\"noopener noreferrer nofollow\">Wall Street Journal.<\/a><\/p>\n<p class=\"sc-c25743f0-0 sc-e37c0145-2 hObFds DQgPn\">Bakom kulisserna har Belarus sl\u00e4ppt \u00f6ver hundra politiska f\u00e5ngar i utbyte mot l\u00e4ttade sanktioner. USA har bland annat mildrat restriktioner mot landets flygbolag och diskuterat m\u00f6jligheten att reparera Lukasjenkos presidentplan, som st\u00e5tt stilla p\u00e5 grund av Boeing-delar som inte f\u00e5r importeras.<\/p>\n<p>Annorlunda erbjudandet <\/p>\n<p class=\"sc-c25743f0-0 sc-e37c0145-2 hObFds DQgPn\">Men samtalen har ocks\u00e5 haft en ov\u00e4ntad ton. Under en middag med potatispl\u00e4ttar och vodka, d\u00e4r samtal om den f\u00e4ngslade amerikanska medborgaren Youras Ziankovitj stod p\u00e5 agendan, st\u00e4llde Lukasjenko den personliga fr\u00e5gan:<\/p>\n<p class=\"sc-c25743f0-0 sc-e37c0145-2 hObFds DQgPn\">\u2013 Har du g\u00e5tt ner i vikt? <\/p>\n<p class=\"sc-c25743f0-0 sc-e37c0145-2 hObFds DQgPn\">Som tur var hade Coale g\u00e5tt ner i vikt. Han h\u00e4nvisade till l\u00e4kemedlet Zepbound och gav senare en broschyr fr\u00e5n tillverkaren till Lukasjenko, som enligt uppgifter sj\u00e4lv var intresserad av att g\u00e5 ner i vikt. Enligt Wall Street Journal diskuterades till och med m\u00f6jligheten att ordna en leverans av medicinen till Lukasjenko f\u00f6r personligt bruk.<\/p>\n<p class=\"sc-c25743f0-0 sc-e37c0145-2 hObFds DQgPn\">\u2013 Skitsamma vem du pratar med \u2013 om den h\u00e4r personen kan leverera det du vill ha \u00e4r det det enda som r\u00e4knas, s\u00e4ger Coale och beskriver sin strategi som \u201dTrumpesque\u201d.<\/p>\n<p class=\"sc-c25743f0-0 sc-e37c0145-2 hObFds DQgPn\">Trots det ov\u00e4ntade samtals\u00e4mnet lyckades Coale f\u00e5 hem Youras Ziankovitj senare samma kv\u00e4ll.<\/p>\n<p>Blandade k\u00e4nslor <\/p>\n<p class=\"sc-c25743f0-0 sc-e37c0145-2 hObFds DQgPn\">Lukasjenko har tidigare kallat sig sj\u00e4lv \u201dEuropas sista diktator\u201d, enligt WSJ. Sedan Trump kom till makten har han sl\u00e4ppt \u00f6ver 250 f\u00e5ngar och gett USA r\u00e5d om hur man ska hantera Putin och andra auktorit\u00e4ra ledare. Han uppges \u00e4ven ha uppmuntrat till sommarens Alaska-m\u00f6te mellan Trump och Putin.<\/p>\n<p class=\"sc-c25743f0-0 sc-e37c0145-2 hObFds DQgPn\">Men relationen v\u00e4cker starka reaktioner. Gl\u00e4djen \u00f6ver att politiska f\u00e5ngar sl\u00e4pps blandas med oro f\u00f6r att en av v\u00e4rldens mest \u00f6k\u00e4nda \u201dgisslantagare\u201d f\u00e5r ekonomiska f\u00f6rdelar och uppm\u00e4rksamhet.<\/p>\n<p class=\"sc-c25743f0-0 sc-e37c0145-2 hObFds DQgPn\">\u2013 Det \u00e4r blandade k\u00e4nslor. Jag k\u00e4nner gl\u00e4dje f\u00f6r det belarusiska folket. Men f\u00f6r Lukasjenko har det naturligtvis ett pris att befria m\u00e4nniskor, och han \u00e4r villig att s\u00e4lja m\u00e4nniskor s\u00e5 l\u00e4nge det \u00e4r m\u00f6jligt, s\u00e4ger oppositionsledaren Svjatlana Tsikhanouskaya till Wall Street Journal.<\/p>\n","protected":false},"excerpt":{"rendered":"Aleksandr Lukasjenko har l\u00e4nge kallats \u201dEuropas sista diktator\u201d och \u00e4r en av Vladimir Putins n\u00e4rmaste allierade. USA:s m\u00e5l&hellip;\n","protected":false},"author":2,"featured_media":116301,"comment_status":"","ping_status":"","sticky":false,"template":"","format":"standard","meta":{"footnotes":""},"categories":[14],"tags":[22,23,26,27,17,21,24,25,28,29,15,16,18,34,31,33,32,30,19,20,51,52,53,54],"class_list":{"0":"post-116300","1":"post","2":"type-post","3":"status-publish","4":"format-standard","5":"has-post-thumbnail","7":"category-varlden","8":"tag-breaking-news","9":"tag-breakingnews","10":"tag-featured-news","11":"tag-featurednews","12":"tag-headlines","13":"tag-huvudnyheter","14":"tag-latest-news","15":"tag-latestnews","16":"tag-main-news","17":"tag-mainnews","18":"tag-news","19":"tag-nyheter","20":"tag-rubriker","21":"tag-se","22":"tag-svenska","23":"tag-sverige","24":"tag-sweden","25":"tag-swedish","26":"tag-top-stories","27":"tag-topstories","28":"tag-varlden","29":"tag-world","30":"tag-world-news","31":"tag-worldnews"},"share_on_mastodon":{"url":"https:\/\/pubeurope.com\/@se\/115779230945927167","error":""},"_links":{"self":[{"href":"https:\/\/www.europesays.com\/se\/wp-json\/wp\/v2\/posts\/116300","targetHints":{"allow":["GET"]}}],"collection":[{"href":"https:\/\/www.europesays.com\/se\/wp-json\/wp\/v2\/posts"}],"about":[{"href":"https:\/\/www.europesays.com\/se\/wp-json\/wp\/v2\/types\/post"}],"author":[{"embeddable":true,"href":"https:\/\/www.europesays.com\/se\/wp-json\/wp\/v2\/users\/2"}],"replies":[{"embeddable":true,"href":"https:\/\/www.europesays.com\/se\/wp-json\/wp\/v2\/comments?post=116300"}],"version-history":[{"count":0,"href":"https:\/\/www.europesays.com\/se\/wp-json\/wp\/v2\/posts\/116300\/revisions"}],"wp:featuredmedia":[{"embeddable":true,"href":"https:\/\/www.europesays.com\/se\/wp-json\/wp\/v2\/media\/116301"}],"wp:attachment":[{"href":"https:\/\/www.europesays.com\/se\/wp-json\/wp\/v2\/media?parent=116300"}],"wp:term":[{"taxonomy":"category","embeddable":true,"href":"https:\/\/www.europesays.com\/se\/wp-json\/wp\/v2\/categories?post=116300"},{"taxonomy":"post_tag","embeddable":true,"href":"https:\/\/www.europesays.com\/se\/wp-json\/wp\/v2\/tags?post=116300"}],"curies":[{"name":"wp","href":"https:\/\/api.w.org\/{rel}","templated":true}]}}